{"id":6369,"date":"2025-05-23T09:17:10","date_gmt":"2025-05-23T07:17:10","guid":{"rendered":"https:\/\/www.ffcam38.com\/jeunes-alpinistes\/?p=6369"},"modified":"2025-05-23T11:02:10","modified_gmt":"2025-05-23T09:02:10","slug":"camp-glace-2025","status":"publish","type":"post","link":"https:\/\/www.ffcam38.com\/jeunes-alpinistes\/2025\/05\/23\/camp-glace-2025\/","title":{"rendered":"Camp glace Guillestre \u2013 30\/01 au 02\/02\/2025"},"content":{"rendered":"\n<p>Premier week-end commun r\u00e9unissant les premi\u00e8res et deuxi\u00e8mes ann\u00e9es, ainsi que tous les anciens venus encadrer (et taper du gla\u00e7on !).<\/p>\n\n\n\n<p>Nous \u00e9tions donc partis pour quatre jours d\u2019exploration des cascades du Brian\u00e7onnais, avec pour camp de base la superbe auberge de jeunesse de Guillestre, tenue par l\u2019association \u00ab\u00a0Entre Guil et Mets\u00a0\u00bb. Au programme : couennes et grandes voies allant du III au VI, avec des approches plus ou moins longues, \u00e0 pied ou \u00e0 ski, afin que chacun puisse choisir selon ses envies. L\u2019organisation \u00e9tait aux petits oignons, entre la gestion des voitures pour le covoiturage, et les menus et courses des repas. Chaque soir, une \u00e9quipe cuisine (diff\u00e9rente chaque soir) prenait soin de rassasier les affam\u00e9s avec des plats d\u00e9licieux et des desserts succulents. Une ambiance chaleureuse r\u00e9gnait \u00e0 l\u2019auberge, entre parties endiabl\u00e9es de billard et de baby-foot, et \u00e9tudes minutieuses des topos pour planifier les ascensions du lendemain.<\/p>\n\n\n\n<figure class=\"wp-block-gallery has-nested-images columns-default is-cropped wp-block-gallery-1 is-layout-flex wp-block-gallery-is-layout-flex\">\n<figure class=\"wp-block-image size-full\"><img loading=\"lazy\" decoding=\"async\" width=\"543\" height=\"727\" data-id=\"6376\" src=\"https:\/\/www.ffcam38.com\/jeunes-alpinistes\/wp-content\/uploads\/2025\/05\/g4.jpg\" alt=\"\" class=\"wp-image-6376\" srcset=\"https:\/\/www.ffcam38.com\/jeunes-alpinistes\/wp-content\/uploads\/2025\/05\/g4.jpg 543w, https:\/\/www.ffcam38.com\/jeunes-alpinistes\/wp-content\/uploads\/2025\/05\/g4-224x300.jpg 224w, https:\/\/www.ffcam38.com\/jeunes-alpinistes\/wp-content\/uploads\/2025\/05\/g4-202x270.jpg 202w\" sizes=\"auto, (max-width: 543px) 100vw, 543px\" \/><\/figure>\n\n\n\n<figure class=\"wp-block-image size-full\"><img loading=\"lazy\" decoding=\"async\" width=\"286\" height=\"378\" data-id=\"6375\" src=\"https:\/\/www.ffcam38.com\/jeunes-alpinistes\/wp-content\/uploads\/2025\/05\/g3.jpg\" alt=\"\" class=\"wp-image-6375\" srcset=\"https:\/\/www.ffcam38.com\/jeunes-alpinistes\/wp-content\/uploads\/2025\/05\/g3.jpg 286w, https:\/\/www.ffcam38.com\/jeunes-alpinistes\/wp-content\/uploads\/2025\/05\/g3-227x300.jpg 227w, https:\/\/www.ffcam38.com\/jeunes-alpinistes\/wp-content\/uploads\/2025\/05\/g3-204x270.jpg 204w\" sizes=\"auto, (max-width: 286px) 100vw, 286px\" \/><\/figure>\n<\/figure>\n\n\n\n<p>J1&nbsp;: Une belle journ\u00e9e de reprise afin de se mettre en jambes et en bras pour une partie du groupe. L\u2019\u00e9quipe partant de Grenoble se rend \u00e0 Cervi\u00e8res (qui se trouve sur le chemin), alors que l\u2019\u00e9quipe d\u00e9j\u00e0 sur place se rend \u00e0 Aiguilles. Au menu, de belles longueurs en t\u00eate et des beaux d\u00e9fis en moulinette, sur des cigares bien fins, ainsi que sur des lignes mixtes et dry&nbsp;!<\/p>\n\n\n\n<p>J2&nbsp;: Le groupe (encore un peu plus garni) se s\u00e9pare en plusieurs petites \u00e9quipes, afin de trouver le bonheur de tous. Une premi\u00e8re team se retrouve aux Pelouses avec Christophe Moulin et une autre \u00e0 Ceillac, afin de visiter les classiques Y et Sombres H\u00e9ros. Une troisi\u00e8me team ira \u00e0 Freissini\u00e8res pour aller faire Impatience et Les larmes de Nicod\u00e8mes. Une derni\u00e8re \u00e9quipe de gros bras se rend \u00e0 Val d\u2019Escreins afin de s\u2019attaquer \u00e0 plusieurs lignes (Profession Homme + No Concession et Un Joyau dans son Escreins).<\/p>\n\n\n\n<p>J3&nbsp;: Pour cette belle journ\u00e9e ensoleill\u00e9e, le groupe se redivise de nouveau. Encore une fois, on retrouve les destinations de Freissini\u00e8res et de Pelouses, mais aussi de Saint-Agathe et de l\u2019UCPA. Une derni\u00e8re \u00e9quipe se motivera pour une belle aventure qui se transformera en journ\u00e9e peuf \u00e0 la barre du Vautreuil (le renoncement fait partie de l\u2019apprentissage para\u00eet-il).<\/p>\n\n\n\n<figure class=\"wp-block-gallery has-nested-images columns-default is-cropped wp-block-gallery-2 is-layout-flex wp-block-gallery-is-layout-flex\">\n<figure class=\"wp-block-image size-large\"><img loading=\"lazy\" decoding=\"async\" width=\"348\" height=\"454\" data-id=\"6377\" src=\"https:\/\/www.ffcam38.com\/jeunes-alpinistes\/wp-content\/uploads\/2025\/05\/g2.jpg\" alt=\"\" class=\"wp-image-6377\" srcset=\"https:\/\/www.ffcam38.com\/jeunes-alpinistes\/wp-content\/uploads\/2025\/05\/g2.jpg 348w, https:\/\/www.ffcam38.com\/jeunes-alpinistes\/wp-content\/uploads\/2025\/05\/g2-230x300.jpg 230w, https:\/\/www.ffcam38.com\/jeunes-alpinistes\/wp-content\/uploads\/2025\/05\/g2-207x270.jpg 207w\" sizes=\"auto, (max-width: 348px) 100vw, 348px\" \/><\/figure>\n\n\n\n<figure class=\"wp-block-image size-large\"><img loading=\"lazy\" decoding=\"async\" width=\"362\" height=\"454\" data-id=\"6378\" src=\"https:\/\/www.ffcam38.com\/jeunes-alpinistes\/wp-content\/uploads\/2025\/05\/g5.jpg\" alt=\"\" class=\"wp-image-6378\" srcset=\"https:\/\/www.ffcam38.com\/jeunes-alpinistes\/wp-content\/uploads\/2025\/05\/g5.jpg 362w, https:\/\/www.ffcam38.com\/jeunes-alpinistes\/wp-content\/uploads\/2025\/05\/g5-239x300.jpg 239w, https:\/\/www.ffcam38.com\/jeunes-alpinistes\/wp-content\/uploads\/2025\/05\/g5-215x270.jpg 215w\" sizes=\"auto, (max-width: 362px) 100vw, 362px\" \/><\/figure>\n<\/figure>\n\n\n\n<p>J4&nbsp;: Apr\u00e8s quelques bi\u00e8res et un peu de rangement, s\u2019en suit une journ\u00e9e un peu plus tranquille pour la majorit\u00e9. Avec le soleil encore pr\u00e9sent, les diff\u00e9rents groupes retournent principalement en terre connue : de nouveau \u00e0 Ceillac, Cervi\u00e8res et Aiguilles, mais aussi \u00e0 Cr\u00e9voux et Archinard sur le chemin du retour.<\/p>\n\n\n\n<p>Au final, le s\u00e9jour a \u00e9t\u00e9 bien riche en apprentissages et en convivialit\u00e9. Vivement le prochain afin continuer \u00e0 progresser et partager ces moments en montagne ! Et un gros merci \u00e0 toute la team et aux encadrants&nbsp;\ud83d\ude42<\/p>\n","protected":false},"excerpt":{"rendered":"<p>Premier week-end commun r\u00e9unissant les premi\u00e8res et deuxi\u00e8mes ann\u00e9es, ainsi que tous les anciens venus encadrer (et taper du gla\u00e7on !). Nous \u00e9tions donc partis pour quatre jours d\u2019exploration des cascades du Brian\u00e7onnais, avec pour camp de base la superbe auberge de jeunesse de Guillestre, tenue par l\u2019association \u00ab\u00a0Entre Guil et Mets\u00a0\u00bb. Au programme : couennes et grandes voies allant du III au VI, avec des approches plus ou moins longues, \u00e0 pied ou \u00e0 ski, afin que chacun puisse&#8230;<\/p>\n<p class=\"read-more\"><a class=\"btn btn-default\" href=\"https:\/\/www.ffcam38.com\/jeunes-alpinistes\/2025\/05\/23\/camp-glace-2025\/\">Lire la suite<span class=\"screen-reader-text\"> Lire la suite<\/span><\/a><\/p>\n","protected":false},"author":149,"featured_media":6381,"comment_status":"open","ping_status":"open","sticky":false,"template":"","format":"standard","meta":{"footnotes":""},"categories":[],"tags":[],"class_list":["post-6369","post","type-post","status-publish","format-standard","has-post-thumbnail","hentry"],"_links":{"self":[{"href":"https:\/\/www.ffcam38.com\/jeunes-alpinistes\/wp-json\/wp\/v2\/posts\/6369","targetHints":{"allow":["GET"]}}],"collection":[{"href":"https:\/\/www.ffcam38.com\/jeunes-alpinistes\/wp-json\/wp\/v2\/posts"}],"about":[{"href":"https:\/\/www.ffcam38.com\/jeunes-alpinistes\/wp-json\/wp\/v2\/types\/post"}],"author":[{"embeddable":true,"href":"https:\/\/www.ffcam38.com\/jeunes-alpinistes\/wp-json\/wp\/v2\/users\/149"}],"replies":[{"embeddable":true,"href":"https:\/\/www.ffcam38.com\/jeunes-alpinistes\/wp-json\/wp\/v2\/comments?post=6369"}],"version-history":[{"count":3,"href":"https:\/\/www.ffcam38.com\/jeunes-alpinistes\/wp-json\/wp\/v2\/posts\/6369\/revisions"}],"predecessor-version":[{"id":6383,"href":"https:\/\/www.ffcam38.com\/jeunes-alpinistes\/wp-json\/wp\/v2\/posts\/6369\/revisions\/6383"}],"wp:featuredmedia":[{"embeddable":true,"href":"https:\/\/www.ffcam38.com\/jeunes-alpinistes\/wp-json\/wp\/v2\/media\/6381"}],"wp:attachment":[{"href":"https:\/\/www.ffcam38.com\/jeunes-alpinistes\/wp-json\/wp\/v2\/media?parent=6369"}],"wp:term":[{"taxonomy":"category","embeddable":true,"href":"https:\/\/www.ffcam38.com\/jeunes-alpinistes\/wp-json\/wp\/v2\/categories?post=6369"},{"taxonomy":"post_tag","embeddable":true,"href":"https:\/\/www.ffcam38.com\/jeunes-alpinistes\/wp-json\/wp\/v2\/tags?post=6369"}],"curies":[{"name":"wp","href":"https:\/\/api.w.org\/{rel}","templated":true}]}}