{"id":6386,"date":"2025-06-22T17:59:54","date_gmt":"2025-06-22T15:59:54","guid":{"rendered":"https:\/\/www.ffcam38.com\/jeunes-alpinistes\/?p=6386"},"modified":"2025-12-03T12:52:32","modified_gmt":"2025-12-03T11:52:32","slug":"presque-integrale-des-aiguilles-de-l-argentiere","status":"publish","type":"post","link":"https:\/\/www.ffcam38.com\/jeunes-alpinistes\/2025\/06\/22\/presque-integrale-des-aiguilles-de-l-argentiere\/","title":{"rendered":"(Presque) Int\u00e9grale des Aiguilles de l&rsquo;Argenti\u00e8re &#8211; 14-15 juin 2025"},"content":{"rendered":"\n<p>La m\u00e9t\u00e9o n&rsquo;est pas tr\u00e8s encourageante, mais pas pire! Que peut on faire, sans aller trop loin, pour voyager un peu? Nous sommes en effectif r\u00e9duit ce weekend. Pourquoi pas un bivouac alors? Le cap est mis sur les Aiguilles de l&rsquo;Argenti\u00e8re dans le massif de Belledonne. La travers\u00e9e int\u00e9grale de ces ar\u00eates a \u00e9t\u00e9 faite en 2019 pour la premi\u00e8re fois. Tr\u00e8s faisable \u00e0 la journ\u00e9e, cette course est cependant une bonne occasion de d\u00e9couvrir tout les trucs et astuces d&rsquo;un bivouac sur l&rsquo;ar\u00eate (et il y a plein de r\u00e9chappes si le temps tourne). <\/p>\n\n\n\n<figure class=\"wp-block-image size-large\"><img loading=\"lazy\" decoding=\"async\" width=\"1024\" height=\"768\" src=\"https:\/\/www.ffcam38.com\/jeunes-alpinistes\/wp-content\/uploads\/2025\/06\/IMG-20250615-WA0025-1024x768.jpg\" alt=\"\" class=\"wp-image-6397\" srcset=\"https:\/\/www.ffcam38.com\/jeunes-alpinistes\/wp-content\/uploads\/2025\/06\/IMG-20250615-WA0025-1024x768.jpg 1024w, https:\/\/www.ffcam38.com\/jeunes-alpinistes\/wp-content\/uploads\/2025\/06\/IMG-20250615-WA0025-300x225.jpg 300w, https:\/\/www.ffcam38.com\/jeunes-alpinistes\/wp-content\/uploads\/2025\/06\/IMG-20250615-WA0025-768x576.jpg 768w, https:\/\/www.ffcam38.com\/jeunes-alpinistes\/wp-content\/uploads\/2025\/06\/IMG-20250615-WA0025-1536x1152.jpg 1536w, https:\/\/www.ffcam38.com\/jeunes-alpinistes\/wp-content\/uploads\/2025\/06\/IMG-20250615-WA0025-360x270.jpg 360w, https:\/\/www.ffcam38.com\/jeunes-alpinistes\/wp-content\/uploads\/2025\/06\/IMG-20250615-WA0025.jpg 1600w\" sizes=\"auto, (max-width: 1024px) 100vw, 1024px\" \/><\/figure>\n\n\n\n<p>Du col Glandon \u00e0 la Br\u00e8che W de la t\u00eate W des Cos, l&rsquo;approche est vite aval\u00e9e. Le d\u00e9but de l&rsquo;ar\u00eate d\u00e9file bien. On prend m\u00eame le temps de gravir quelques gendarme au passage. Pour la mont\u00e9e \u00e0 la Pointe Joseph Gaillard, on a pris un \u00e9peron \u00e0 gauche du couloir de neige puis on a grimp\u00e9 une fissure \u00e9vidente d&rsquo;une vingtaine de m\u00e8tres, verticale mais avec des bons coincements, pas mal de pieds et bien prot\u00e9geable! Avec une sortie sur rocher \u00e9volutif, Ana\u00efs a bien pris le temps de purger!!!<\/p>\n\n\n\n<p>Vers 17h30, l&rsquo;ar\u00eate s&rsquo;\u00e9largit, c&rsquo;est propice au bivouac. Baptiste en profite pour d\u00e9velopper ces comp\u00e9tences de commercial. C&rsquo;est vendu, les potentiels emplacement de bivouacs semble parfaits! Il nous explique comment aplanir au maximum les emplacements. On envoie valser encore quelques rochers. Baptiste avait m\u00eame rep\u00e9r\u00e9 une zone sableuse, ce qui nous permet d&rsquo;achever le terrassement de nos bivouacs luxueux.<\/p>\n\n\n\n<figure class=\"wp-block-gallery has-nested-images columns-default is-cropped wp-block-gallery-1 is-layout-flex wp-block-gallery-is-layout-flex\">\n<figure class=\"wp-block-image\"><img loading=\"lazy\" decoding=\"async\" width=\"2560\" height=\"1920\" data-id=\"6391\" src=\"https:\/\/www.ffcam38.com\/jeunes-alpinistes\/wp-content\/uploads\/2025\/06\/20250614_182955-scaled.jpg\" alt=\"\" class=\"wp-image-6391\" srcset=\"https:\/\/www.ffcam38.com\/jeunes-alpinistes\/wp-content\/uploads\/2025\/06\/20250614_182955-scaled.jpg 2560w, https:\/\/www.ffcam38.com\/jeunes-alpinistes\/wp-content\/uploads\/2025\/06\/20250614_182955-300x225.jpg 300w, https:\/\/www.ffcam38.com\/jeunes-alpinistes\/wp-content\/uploads\/2025\/06\/20250614_182955-1024x768.jpg 1024w, https:\/\/www.ffcam38.com\/jeunes-alpinistes\/wp-content\/uploads\/2025\/06\/20250614_182955-768x576.jpg 768w, https:\/\/www.ffcam38.com\/jeunes-alpinistes\/wp-content\/uploads\/2025\/06\/20250614_182955-1536x1152.jpg 1536w, https:\/\/www.ffcam38.com\/jeunes-alpinistes\/wp-content\/uploads\/2025\/06\/20250614_182955-2048x1536.jpg 2048w, https:\/\/www.ffcam38.com\/jeunes-alpinistes\/wp-content\/uploads\/2025\/06\/20250614_182955-360x270.jpg 360w\" sizes=\"auto, (max-width: 2560px) 100vw, 2560px\" \/><\/figure>\n\n\n\n<figure class=\"wp-block-image\"><img loading=\"lazy\" decoding=\"async\" width=\"1600\" height=\"1200\" data-id=\"6398\" src=\"https:\/\/www.ffcam38.com\/jeunes-alpinistes\/wp-content\/uploads\/2025\/06\/IMG-20250615-WA0007-1.jpg\" alt=\"\" class=\"wp-image-6398\" srcset=\"https:\/\/www.ffcam38.com\/jeunes-alpinistes\/wp-content\/uploads\/2025\/06\/IMG-20250615-WA0007-1.jpg 1600w, https:\/\/www.ffcam38.com\/jeunes-alpinistes\/wp-content\/uploads\/2025\/06\/IMG-20250615-WA0007-1-300x225.jpg 300w, https:\/\/www.ffcam38.com\/jeunes-alpinistes\/wp-content\/uploads\/2025\/06\/IMG-20250615-WA0007-1-1024x768.jpg 1024w, https:\/\/www.ffcam38.com\/jeunes-alpinistes\/wp-content\/uploads\/2025\/06\/IMG-20250615-WA0007-1-768x576.jpg 768w, https:\/\/www.ffcam38.com\/jeunes-alpinistes\/wp-content\/uploads\/2025\/06\/IMG-20250615-WA0007-1-1536x1152.jpg 1536w, https:\/\/www.ffcam38.com\/jeunes-alpinistes\/wp-content\/uploads\/2025\/06\/IMG-20250615-WA0007-1-360x270.jpg 360w\" sizes=\"auto, (max-width: 1600px) 100vw, 1600px\" \/><\/figure>\n\n\n\n<figure class=\"wp-block-image\"><img loading=\"lazy\" decoding=\"async\" width=\"1920\" height=\"2560\" data-id=\"6396\" src=\"https:\/\/www.ffcam38.com\/jeunes-alpinistes\/wp-content\/uploads\/2025\/06\/20250614_215037-scaled.jpg\" alt=\"\" class=\"wp-image-6396\" srcset=\"https:\/\/www.ffcam38.com\/jeunes-alpinistes\/wp-content\/uploads\/2025\/06\/20250614_215037-scaled.jpg 1920w, https:\/\/www.ffcam38.com\/jeunes-alpinistes\/wp-content\/uploads\/2025\/06\/20250614_215037-225x300.jpg 225w, https:\/\/www.ffcam38.com\/jeunes-alpinistes\/wp-content\/uploads\/2025\/06\/20250614_215037-768x1024.jpg 768w, https:\/\/www.ffcam38.com\/jeunes-alpinistes\/wp-content\/uploads\/2025\/06\/20250614_215037-1152x1536.jpg 1152w, https:\/\/www.ffcam38.com\/jeunes-alpinistes\/wp-content\/uploads\/2025\/06\/20250614_215037-1536x2048.jpg 1536w, https:\/\/www.ffcam38.com\/jeunes-alpinistes\/wp-content\/uploads\/2025\/06\/20250614_215037-203x270.jpg 203w\" sizes=\"auto, (max-width: 1920px) 100vw, 1920px\" \/><\/figure>\n<\/figure>\n\n\n\n<p>Le soleil baisse doucement sur l&rsquo;horizon, on f\u00eate ensemble l&rsquo;anniversaire d&rsquo;Ana\u00efs. La soir\u00e9e est agr\u00e9able avec de belles lueurs du coucher du soleil. Par contre la nuit sera un peu p\u00e9nible \u00e0 cause des averses et du radar meteo blue qui s&rsquo;av\u00e8re peu fiable avec cette m\u00e9t\u00e9o chaotique.  Le lendemain, on est tremp\u00e9 et \u00e7a n&rsquo;a pas l&rsquo;air d&rsquo;aller en s&rsquo;am\u00e9liorant\u2026 <\/p>\n\n\n\n<figure class=\"wp-block-image size-large is-style-default\"><img loading=\"lazy\" decoding=\"async\" width=\"1024\" height=\"768\" src=\"https:\/\/www.ffcam38.com\/jeunes-alpinistes\/wp-content\/uploads\/2025\/06\/20250615_060723-1024x768.jpg\" alt=\"\" class=\"wp-image-6387\" style=\"object-fit:cover\" srcset=\"https:\/\/www.ffcam38.com\/jeunes-alpinistes\/wp-content\/uploads\/2025\/06\/20250615_060723-1024x768.jpg 1024w, https:\/\/www.ffcam38.com\/jeunes-alpinistes\/wp-content\/uploads\/2025\/06\/20250615_060723-300x225.jpg 300w, https:\/\/www.ffcam38.com\/jeunes-alpinistes\/wp-content\/uploads\/2025\/06\/20250615_060723-768x576.jpg 768w, https:\/\/www.ffcam38.com\/jeunes-alpinistes\/wp-content\/uploads\/2025\/06\/20250615_060723-1536x1152.jpg 1536w, https:\/\/www.ffcam38.com\/jeunes-alpinistes\/wp-content\/uploads\/2025\/06\/20250615_060723-2048x1536.jpg 2048w, https:\/\/www.ffcam38.com\/jeunes-alpinistes\/wp-content\/uploads\/2025\/06\/20250615_060723-360x270.jpg 360w\" sizes=\"auto, (max-width: 1024px) 100vw, 1024px\" \/><\/figure>\n\n\n\n<p>On prend la poudre d&rsquo;escampette. Droit sous le bivouac, apr\u00e8s un court n\u00e9v\u00e9, un rappel de 60m (avec la super technique adapt\u00e9 aux cordes de longueurs diff\u00e9rentes!) nous redescendons de notre ar\u00eate.<\/p>\n\n\n\n<figure class=\"wp-block-gallery has-nested-images columns-default is-cropped wp-block-gallery-2 is-layout-flex wp-block-gallery-is-layout-flex\">\n<figure class=\"wp-block-image size-large is-style-default\"><img loading=\"lazy\" decoding=\"async\" width=\"768\" height=\"1024\" data-id=\"6389\" src=\"https:\/\/www.ffcam38.com\/jeunes-alpinistes\/wp-content\/uploads\/2025\/06\/20250615_075707-768x1024.jpg\" alt=\"\" class=\"wp-image-6389\" srcset=\"https:\/\/www.ffcam38.com\/jeunes-alpinistes\/wp-content\/uploads\/2025\/06\/20250615_075707-768x1024.jpg 768w, https:\/\/www.ffcam38.com\/jeunes-alpinistes\/wp-content\/uploads\/2025\/06\/20250615_075707-225x300.jpg 225w, https:\/\/www.ffcam38.com\/jeunes-alpinistes\/wp-content\/uploads\/2025\/06\/20250615_075707-1152x1536.jpg 1152w, https:\/\/www.ffcam38.com\/jeunes-alpinistes\/wp-content\/uploads\/2025\/06\/20250615_075707-1536x2048.jpg 1536w, https:\/\/www.ffcam38.com\/jeunes-alpinistes\/wp-content\/uploads\/2025\/06\/20250615_075707-203x270.jpg 203w, https:\/\/www.ffcam38.com\/jeunes-alpinistes\/wp-content\/uploads\/2025\/06\/20250615_075707-scaled.jpg 1920w\" sizes=\"auto, (max-width: 768px) 100vw, 768px\" \/><\/figure>\n<\/figure>\n\n\n\n<p>Bref un beau voyage, presque dans le jardin!<\/p>\n\n\n\n<figure class=\"wp-block-gallery has-nested-images columns-default is-cropped wp-block-gallery-3 is-layout-flex wp-block-gallery-is-layout-flex\">\n<figure class=\"wp-block-image size-large\"><img loading=\"lazy\" decoding=\"async\" width=\"1024\" height=\"768\" data-id=\"6395\" src=\"https:\/\/www.ffcam38.com\/jeunes-alpinistes\/wp-content\/uploads\/2025\/06\/20250615_062210-1024x768.jpg\" alt=\"\" class=\"wp-image-6395\" srcset=\"https:\/\/www.ffcam38.com\/jeunes-alpinistes\/wp-content\/uploads\/2025\/06\/20250615_062210-1024x768.jpg 1024w, https:\/\/www.ffcam38.com\/jeunes-alpinistes\/wp-content\/uploads\/2025\/06\/20250615_062210-300x225.jpg 300w, https:\/\/www.ffcam38.com\/jeunes-alpinistes\/wp-content\/uploads\/2025\/06\/20250615_062210-768x576.jpg 768w, https:\/\/www.ffcam38.com\/jeunes-alpinistes\/wp-content\/uploads\/2025\/06\/20250615_062210-1536x1152.jpg 1536w, https:\/\/www.ffcam38.com\/jeunes-alpinistes\/wp-content\/uploads\/2025\/06\/20250615_062210-2048x1536.jpg 2048w, https:\/\/www.ffcam38.com\/jeunes-alpinistes\/wp-content\/uploads\/2025\/06\/20250615_062210-360x270.jpg 360w\" sizes=\"auto, (max-width: 1024px) 100vw, 1024px\" \/><\/figure>\n\n\n\n<figure class=\"wp-block-image size-large\"><img loading=\"lazy\" decoding=\"async\" width=\"1024\" height=\"768\" data-id=\"6394\" src=\"https:\/\/www.ffcam38.com\/jeunes-alpinistes\/wp-content\/uploads\/2025\/06\/20250615_082115-1024x768.jpg\" alt=\"\" class=\"wp-image-6394\" srcset=\"https:\/\/www.ffcam38.com\/jeunes-alpinistes\/wp-content\/uploads\/2025\/06\/20250615_082115-1024x768.jpg 1024w, https:\/\/www.ffcam38.com\/jeunes-alpinistes\/wp-content\/uploads\/2025\/06\/20250615_082115-300x225.jpg 300w, https:\/\/www.ffcam38.com\/jeunes-alpinistes\/wp-content\/uploads\/2025\/06\/20250615_082115-768x576.jpg 768w, https:\/\/www.ffcam38.com\/jeunes-alpinistes\/wp-content\/uploads\/2025\/06\/20250615_082115-1536x1152.jpg 1536w, https:\/\/www.ffcam38.com\/jeunes-alpinistes\/wp-content\/uploads\/2025\/06\/20250615_082115-2048x1536.jpg 2048w, https:\/\/www.ffcam38.com\/jeunes-alpinistes\/wp-content\/uploads\/2025\/06\/20250615_082115-360x270.jpg 360w\" sizes=\"auto, (max-width: 1024px) 100vw, 1024px\" \/><\/figure>\n\n\n\n<figure class=\"wp-block-image size-large\"><img loading=\"lazy\" decoding=\"async\" width=\"1024\" height=\"768\" data-id=\"6393\" src=\"https:\/\/www.ffcam38.com\/jeunes-alpinistes\/wp-content\/uploads\/2025\/06\/IMG-20250615-WA0018-1024x768.jpg\" alt=\"\" class=\"wp-image-6393\" srcset=\"https:\/\/www.ffcam38.com\/jeunes-alpinistes\/wp-content\/uploads\/2025\/06\/IMG-20250615-WA0018-1024x768.jpg 1024w, https:\/\/www.ffcam38.com\/jeunes-alpinistes\/wp-content\/uploads\/2025\/06\/IMG-20250615-WA0018-300x225.jpg 300w, https:\/\/www.ffcam38.com\/jeunes-alpinistes\/wp-content\/uploads\/2025\/06\/IMG-20250615-WA0018-768x576.jpg 768w, https:\/\/www.ffcam38.com\/jeunes-alpinistes\/wp-content\/uploads\/2025\/06\/IMG-20250615-WA0018-1536x1152.jpg 1536w, https:\/\/www.ffcam38.com\/jeunes-alpinistes\/wp-content\/uploads\/2025\/06\/IMG-20250615-WA0018-360x270.jpg 360w, https:\/\/www.ffcam38.com\/jeunes-alpinistes\/wp-content\/uploads\/2025\/06\/IMG-20250615-WA0018.jpg 1600w\" sizes=\"auto, (max-width: 1024px) 100vw, 1024px\" \/><\/figure>\n<\/figure>\n","protected":false},"excerpt":{"rendered":"<p>La m\u00e9t\u00e9o n&rsquo;est pas tr\u00e8s encourageante, mais pas pire! Que peut on faire, sans aller trop loin, pour voyager un peu? Nous sommes en effectif r\u00e9duit ce weekend. Pourquoi pas un bivouac alors? Le cap est mis sur les Aiguilles de l&rsquo;Argenti\u00e8re dans le massif de Belledonne. La travers\u00e9e int\u00e9grale de ces ar\u00eates a \u00e9t\u00e9 faite en 2019 pour la premi\u00e8re fois. Tr\u00e8s faisable \u00e0 la journ\u00e9e, cette course est cependant une bonne occasion de d\u00e9couvrir tout les trucs et&#8230;<\/p>\n<p class=\"read-more\"><a class=\"btn btn-default\" href=\"https:\/\/www.ffcam38.com\/jeunes-alpinistes\/2025\/06\/22\/presque-integrale-des-aiguilles-de-l-argentiere\/\">Lire la suite<span class=\"screen-reader-text\"> Lire la suite<\/span><\/a><\/p>\n","protected":false},"author":134,"featured_media":6398,"comment_status":"open","ping_status":"open","sticky":false,"template":"","format":"standard","meta":{"footnotes":""},"categories":[35,188],"tags":[49,158],"class_list":["post-6386","post","type-post","status-publish","format-standard","has-post-thumbnail","hentry","category-actualites","category-bilans-reporting","tag-alpinisme","tag-terrain-daventure"],"_links":{"self":[{"href":"https:\/\/www.ffcam38.com\/jeunes-alpinistes\/wp-json\/wp\/v2\/posts\/6386","targetHints":{"allow":["GET"]}}],"collection":[{"href":"https:\/\/www.ffcam38.com\/jeunes-alpinistes\/wp-json\/wp\/v2\/posts"}],"about":[{"href":"https:\/\/www.ffcam38.com\/jeunes-alpinistes\/wp-json\/wp\/v2\/types\/post"}],"author":[{"embeddable":true,"href":"https:\/\/www.ffcam38.com\/jeunes-alpinistes\/wp-json\/wp\/v2\/users\/134"}],"replies":[{"embeddable":true,"href":"https:\/\/www.ffcam38.com\/jeunes-alpinistes\/wp-json\/wp\/v2\/comments?post=6386"}],"version-history":[{"count":5,"href":"https:\/\/www.ffcam38.com\/jeunes-alpinistes\/wp-json\/wp\/v2\/posts\/6386\/revisions"}],"predecessor-version":[{"id":6437,"href":"https:\/\/www.ffcam38.com\/jeunes-alpinistes\/wp-json\/wp\/v2\/posts\/6386\/revisions\/6437"}],"wp:featuredmedia":[{"embeddable":true,"href":"https:\/\/www.ffcam38.com\/jeunes-alpinistes\/wp-json\/wp\/v2\/media\/6398"}],"wp:attachment":[{"href":"https:\/\/www.ffcam38.com\/jeunes-alpinistes\/wp-json\/wp\/v2\/media?parent=6386"}],"wp:term":[{"taxonomy":"category","embeddable":true,"href":"https:\/\/www.ffcam38.com\/jeunes-alpinistes\/wp-json\/wp\/v2\/categories?post=6386"},{"taxonomy":"post_tag","embeddable":true,"href":"https:\/\/www.ffcam38.com\/jeunes-alpinistes\/wp-json\/wp\/v2\/tags?post=6386"}],"curies":[{"name":"wp","href":"https:\/\/api.w.org\/{rel}","templated":true}]}}