{"id":6406,"date":"2025-06-22T21:34:59","date_gmt":"2025-06-22T19:34:59","guid":{"rendered":"https:\/\/www.ffcam38.com\/jeunes-alpinistes\/?p=6406"},"modified":"2025-07-27T11:35:38","modified_gmt":"2025-07-27T09:35:38","slug":"vagabondage-sur-deux-roues","status":"publish","type":"post","link":"https:\/\/www.ffcam38.com\/jeunes-alpinistes\/2025\/06\/22\/vagabondage-sur-deux-roues\/","title":{"rendered":"Vagabondage sur deux roues &#8211; printemps 2025"},"content":{"rendered":"\n<h2 class=\"wp-block-heading\">3 semaines d\u2019itin\u00e9rance en train-v\u00e9lo pour aller grimper entre l\u2019Espagne et la France. <\/h2>\n\n\n<figure class=\"wp-block-post-featured-image\"><img loading=\"lazy\" decoding=\"async\" width=\"203\" height=\"270\" src=\"https:\/\/www.ffcam38.com\/jeunes-alpinistes\/wp-content\/uploads\/2025\/06\/WhatsApp-Image-2025-05-14-a-22.34.14_14f1b8e9-203x270.jpg\" class=\"attachment-post-thumbnail size-post-thumbnail wp-post-image\" alt=\"\" style=\"object-fit:cover;\" srcset=\"https:\/\/www.ffcam38.com\/jeunes-alpinistes\/wp-content\/uploads\/2025\/06\/WhatsApp-Image-2025-05-14-a-22.34.14_14f1b8e9-203x270.jpg 203w, https:\/\/www.ffcam38.com\/jeunes-alpinistes\/wp-content\/uploads\/2025\/06\/WhatsApp-Image-2025-05-14-a-22.34.14_14f1b8e9-225x300.jpg 225w, https:\/\/www.ffcam38.com\/jeunes-alpinistes\/wp-content\/uploads\/2025\/06\/WhatsApp-Image-2025-05-14-a-22.34.14_14f1b8e9-768x1024.jpg 768w, https:\/\/www.ffcam38.com\/jeunes-alpinistes\/wp-content\/uploads\/2025\/06\/WhatsApp-Image-2025-05-14-a-22.34.14_14f1b8e9-1152x1536.jpg 1152w, https:\/\/www.ffcam38.com\/jeunes-alpinistes\/wp-content\/uploads\/2025\/06\/WhatsApp-Image-2025-05-14-a-22.34.14_14f1b8e9.jpg 1536w\" sizes=\"auto, (max-width: 203px) 100vw, 203px\" \/><\/figure>\n\n\n<p>Tout d\u00e9bute par le week-end V\u00e9lo-grimpe avec les Equipes Jeunes Alpi \u00e0 Presles. De quoi tester le matos et&nbsp; bricoler un peu le v\u00e9lo, et c\u2019est la reprise de la grimpe! Le calcaire de Presles, comme chaque ann\u00e9e, ne se laisse pas faire facilement. Je suis partie un peu trop charg\u00e9e, alors je laisse un peu de matos aux copains qui rentrent sur Grenoble.&nbsp; Je continue ma route seule vers l\u2019Espagne d\u2019abord en v\u00e9lo jusqu&rsquo;\u00e0 Valence puis en TGV jusqu&rsquo;\u00e0 Barcelone. L\u00e0, les gal\u00e8res commencent mais je fais aussi de jolies rencontres, \u00e7a compense!<br><\/p>\n\n\n\n<figure class=\"wp-block-image size-large\"><img loading=\"lazy\" decoding=\"async\" width=\"1024\" height=\"683\" src=\"https:\/\/www.ffcam38.com\/jeunes-alpinistes\/wp-content\/uploads\/2025\/06\/Photo33_33-1024x683.jpg\" alt=\"\" class=\"wp-image-6410\" srcset=\"https:\/\/www.ffcam38.com\/jeunes-alpinistes\/wp-content\/uploads\/2025\/06\/Photo33_33-1024x683.jpg 1024w, https:\/\/www.ffcam38.com\/jeunes-alpinistes\/wp-content\/uploads\/2025\/06\/Photo33_33-300x200.jpg 300w, https:\/\/www.ffcam38.com\/jeunes-alpinistes\/wp-content\/uploads\/2025\/06\/Photo33_33-768x512.jpg 768w, https:\/\/www.ffcam38.com\/jeunes-alpinistes\/wp-content\/uploads\/2025\/06\/Photo33_33-1536x1024.jpg 1536w, https:\/\/www.ffcam38.com\/jeunes-alpinistes\/wp-content\/uploads\/2025\/06\/Photo33_33-405x270.jpg 405w, https:\/\/www.ffcam38.com\/jeunes-alpinistes\/wp-content\/uploads\/2025\/06\/Photo33_33.jpg 1908w\" sizes=\"auto, (max-width: 1024px) 100vw, 1024px\" \/><\/figure>\n\n\n\n<p>Un train r\u00e9gional m\u2019am\u00e8ne \u00e0 Reus, \u00e0 l\u2019ouest de Tarragon. Apr\u00e8s une derni\u00e8re mont\u00e9e bien raide en v\u00e9lo, je pose le camp \u00e0 Siurana pour une semaine de couenne au soleil. Je trouve facilement du monde pour grimper.&nbsp; L\u2019ambiance est \u00e0 la d\u00e9tente et \u00e0 la d\u00e9couverte de supers voies.<\/p>\n\n\n\n<p>Je reprends ensuite la route pour rentrer en France. Mais pas trop vite! Je rejoins Sol\u00e8ne et Dorian \u00e0 Ch\u00e2teaux Arnoux o\u00f9 les gal\u00e8res continuent\u2026 En effet, j\u2019ai une roue en vrac et j\u2019arrive le 1er mai\u2026 C\u2019est pas gagn\u00e9, mais j\u2019avais r\u00e9ussi \u00e0 contacter le g\u00e9rant de la boutique de v\u00e9lo locale la veille. Une fois mon v\u00e9lo r\u00e9par\u00e9, j\u2019avale les 25 km\u00a0jusqu\u2019\u00e0 Digne \u00e0 toute allure pour d\u00e9couvrir que Sol\u00e8ne et Dorian n\u2019avait pas \u00e9t\u00e9 accept\u00e9s dans le train\u2026On passe donc d\u2019une journ\u00e9e de 25km avec 400m de D+ \u00e0 120 km et trois cols \u00e0 passer !<\/p>\n\n\n\n<figure class=\"wp-block-image size-large\"><img loading=\"lazy\" decoding=\"async\" width=\"1024\" height=\"768\" src=\"https:\/\/www.ffcam38.com\/jeunes-alpinistes\/wp-content\/uploads\/2025\/06\/WhatsApp-Image-2025-05-14-a-22.34.14_395adadd-2-1024x768.jpg\" alt=\"\" class=\"wp-image-6420\" srcset=\"https:\/\/www.ffcam38.com\/jeunes-alpinistes\/wp-content\/uploads\/2025\/06\/WhatsApp-Image-2025-05-14-a-22.34.14_395adadd-2-1024x768.jpg 1024w, https:\/\/www.ffcam38.com\/jeunes-alpinistes\/wp-content\/uploads\/2025\/06\/WhatsApp-Image-2025-05-14-a-22.34.14_395adadd-2-300x225.jpg 300w, https:\/\/www.ffcam38.com\/jeunes-alpinistes\/wp-content\/uploads\/2025\/06\/WhatsApp-Image-2025-05-14-a-22.34.14_395adadd-2-768x576.jpg 768w, https:\/\/www.ffcam38.com\/jeunes-alpinistes\/wp-content\/uploads\/2025\/06\/WhatsApp-Image-2025-05-14-a-22.34.14_395adadd-2-1536x1152.jpg 1536w, https:\/\/www.ffcam38.com\/jeunes-alpinistes\/wp-content\/uploads\/2025\/06\/WhatsApp-Image-2025-05-14-a-22.34.14_395adadd-2-360x270.jpg 360w, https:\/\/www.ffcam38.com\/jeunes-alpinistes\/wp-content\/uploads\/2025\/06\/WhatsApp-Image-2025-05-14-a-22.34.14_395adadd-2.jpg 2048w\" sizes=\"auto, (max-width: 1024px) 100vw, 1024px\" \/><\/figure>\n\n\n\n<p>C\u2019est donc bien fatigu\u00e9 que nous rejoignons Liv, Alice, Enzo et Phil \u00e0 la Tour-sur-Tin\u00e9e. Il nous font d\u00e9couvrir ce site tout r\u00e9cent, sauvage et aussi beau qu&rsquo;Annot. C\u2019est parfait pour nous remettre \u00e0 la pose de coinceurs. Nous profitons bien des soir\u00e9es perch\u00e9es au pied de la falaise avec feux de bois et nuit sous les \u00e9toiles.\u00a0<\/p>\n\n\n\n<figure class=\"wp-block-image size-large\"><img loading=\"lazy\" decoding=\"async\" width=\"1024\" height=\"683\" src=\"https:\/\/www.ffcam38.com\/jeunes-alpinistes\/wp-content\/uploads\/2025\/06\/Photo36_36-3-1024x683.jpg\" alt=\"\" class=\"wp-image-6422\" srcset=\"https:\/\/www.ffcam38.com\/jeunes-alpinistes\/wp-content\/uploads\/2025\/06\/Photo36_36-3-1024x683.jpg 1024w, https:\/\/www.ffcam38.com\/jeunes-alpinistes\/wp-content\/uploads\/2025\/06\/Photo36_36-3-300x200.jpg 300w, https:\/\/www.ffcam38.com\/jeunes-alpinistes\/wp-content\/uploads\/2025\/06\/Photo36_36-3-768x512.jpg 768w, https:\/\/www.ffcam38.com\/jeunes-alpinistes\/wp-content\/uploads\/2025\/06\/Photo36_36-3-1536x1024.jpg 1536w, https:\/\/www.ffcam38.com\/jeunes-alpinistes\/wp-content\/uploads\/2025\/06\/Photo36_36-3-405x270.jpg 405w, https:\/\/www.ffcam38.com\/jeunes-alpinistes\/wp-content\/uploads\/2025\/06\/Photo36_36-3.jpg 1908w\" sizes=\"auto, (max-width: 1024px) 100vw, 1024px\" \/><\/figure>\n\n\n\n<figure class=\"wp-block-gallery has-nested-images columns-default is-cropped wp-block-gallery-1 is-layout-flex wp-block-gallery-is-layout-flex\">\n<figure class=\"wp-block-image size-large\"><img loading=\"lazy\" decoding=\"async\" width=\"768\" height=\"1024\" data-id=\"6423\" src=\"https:\/\/www.ffcam38.com\/jeunes-alpinistes\/wp-content\/uploads\/2025\/06\/WhatsApp-Image-2025-05-14-a-22.34.12_b8442655-1-768x1024.jpg\" alt=\"\" class=\"wp-image-6423\" srcset=\"https:\/\/www.ffcam38.com\/jeunes-alpinistes\/wp-content\/uploads\/2025\/06\/WhatsApp-Image-2025-05-14-a-22.34.12_b8442655-1-768x1024.jpg 768w, https:\/\/www.ffcam38.com\/jeunes-alpinistes\/wp-content\/uploads\/2025\/06\/WhatsApp-Image-2025-05-14-a-22.34.12_b8442655-1-225x300.jpg 225w, https:\/\/www.ffcam38.com\/jeunes-alpinistes\/wp-content\/uploads\/2025\/06\/WhatsApp-Image-2025-05-14-a-22.34.12_b8442655-1-1152x1536.jpg 1152w, https:\/\/www.ffcam38.com\/jeunes-alpinistes\/wp-content\/uploads\/2025\/06\/WhatsApp-Image-2025-05-14-a-22.34.12_b8442655-1-203x270.jpg 203w, https:\/\/www.ffcam38.com\/jeunes-alpinistes\/wp-content\/uploads\/2025\/06\/WhatsApp-Image-2025-05-14-a-22.34.12_b8442655-1.jpg 1536w\" sizes=\"auto, (max-width: 768px) 100vw, 768px\" \/><\/figure>\n\n\n\n<figure class=\"wp-block-image size-large\"><img loading=\"lazy\" decoding=\"async\" width=\"768\" height=\"1024\" data-id=\"6414\" src=\"https:\/\/www.ffcam38.com\/jeunes-alpinistes\/wp-content\/uploads\/2025\/06\/WhatsApp-Image-2025-05-14-a-22.34.13_e9cc1cca-1-768x1024.jpg\" alt=\"\" class=\"wp-image-6414\" srcset=\"https:\/\/www.ffcam38.com\/jeunes-alpinistes\/wp-content\/uploads\/2025\/06\/WhatsApp-Image-2025-05-14-a-22.34.13_e9cc1cca-1-768x1024.jpg 768w, https:\/\/www.ffcam38.com\/jeunes-alpinistes\/wp-content\/uploads\/2025\/06\/WhatsApp-Image-2025-05-14-a-22.34.13_e9cc1cca-1-225x300.jpg 225w, https:\/\/www.ffcam38.com\/jeunes-alpinistes\/wp-content\/uploads\/2025\/06\/WhatsApp-Image-2025-05-14-a-22.34.13_e9cc1cca-1-1152x1536.jpg 1152w, https:\/\/www.ffcam38.com\/jeunes-alpinistes\/wp-content\/uploads\/2025\/06\/WhatsApp-Image-2025-05-14-a-22.34.13_e9cc1cca-1-203x270.jpg 203w, https:\/\/www.ffcam38.com\/jeunes-alpinistes\/wp-content\/uploads\/2025\/06\/WhatsApp-Image-2025-05-14-a-22.34.13_e9cc1cca-1.jpg 1536w\" sizes=\"auto, (max-width: 768px) 100vw, 768px\" \/><\/figure>\n<\/figure>\n\n\n\n<p>Sol\u00e8ne, Dorian et moi reprenons les v\u00e9los vers une nouvelle session de fissure \u00e0 Annot. Apr\u00e8s de beaux projets encha\u00een\u00e9s, direction le Verdon pour rejoindre les \u00e9quipes Jeunes&nbsp; pour notre base-camp consacr\u00e9 au terrain d\u2019aventure. On \u00e9vite la pluie et les orages de justesse. Au programme un peu de couenne, une belle grande voie avec l\u2019approche toujours en v\u00e9lo (ecopoint de la Ula !!!) .&nbsp;<\/p>\n\n\n\n<p>Il est temps de rentrer, alors on p\u00e9dale jusqu\u2019a Oraison avant de prendre le train une derni\u00e8re fois. Cela fait trois semaines que je suis sur la route avec mon v\u00e9lo et tout mon paquetage de grimpe et de bivouac. Ce qui m\u2019a permis de vraiment d\u00e9couvrir des paysages magnifiques et de rencontrer plein de gens !&nbsp;<\/p>\n\n\n\n<figure class=\"wp-block-gallery has-nested-images columns-default is-cropped wp-block-gallery-2 is-layout-flex wp-block-gallery-is-layout-flex\">\n<figure class=\"wp-block-image size-large\"><img loading=\"lazy\" decoding=\"async\" width=\"771\" height=\"1024\" data-id=\"6424\" src=\"https:\/\/www.ffcam38.com\/jeunes-alpinistes\/wp-content\/uploads\/2025\/06\/IMG_20250510_175852-771x1024.jpg\" alt=\"\" class=\"wp-image-6424\" srcset=\"https:\/\/www.ffcam38.com\/jeunes-alpinistes\/wp-content\/uploads\/2025\/06\/IMG_20250510_175852-771x1024.jpg 771w, https:\/\/www.ffcam38.com\/jeunes-alpinistes\/wp-content\/uploads\/2025\/06\/IMG_20250510_175852-226x300.jpg 226w, https:\/\/www.ffcam38.com\/jeunes-alpinistes\/wp-content\/uploads\/2025\/06\/IMG_20250510_175852-768x1020.jpg 768w, https:\/\/www.ffcam38.com\/jeunes-alpinistes\/wp-content\/uploads\/2025\/06\/IMG_20250510_175852-1157x1536.jpg 1157w, https:\/\/www.ffcam38.com\/jeunes-alpinistes\/wp-content\/uploads\/2025\/06\/IMG_20250510_175852-1542x2048.jpg 1542w, https:\/\/www.ffcam38.com\/jeunes-alpinistes\/wp-content\/uploads\/2025\/06\/IMG_20250510_175852-203x270.jpg 203w, https:\/\/www.ffcam38.com\/jeunes-alpinistes\/wp-content\/uploads\/2025\/06\/IMG_20250510_175852-scaled.jpg 1928w\" sizes=\"auto, (max-width: 771px) 100vw, 771px\" \/><\/figure>\n\n\n\n<figure class=\"wp-block-image size-large\"><img loading=\"lazy\" decoding=\"async\" width=\"768\" height=\"1024\" data-id=\"6421\" src=\"https:\/\/www.ffcam38.com\/jeunes-alpinistes\/wp-content\/uploads\/2025\/06\/WhatsApp-Image-2025-05-12-a-16.46.19_10ac385a-768x1024.jpg\" alt=\"\" class=\"wp-image-6421\" srcset=\"https:\/\/www.ffcam38.com\/jeunes-alpinistes\/wp-content\/uploads\/2025\/06\/WhatsApp-Image-2025-05-12-a-16.46.19_10ac385a-768x1024.jpg 768w, https:\/\/www.ffcam38.com\/jeunes-alpinistes\/wp-content\/uploads\/2025\/06\/WhatsApp-Image-2025-05-12-a-16.46.19_10ac385a-225x300.jpg 225w, https:\/\/www.ffcam38.com\/jeunes-alpinistes\/wp-content\/uploads\/2025\/06\/WhatsApp-Image-2025-05-12-a-16.46.19_10ac385a-1152x1536.jpg 1152w, https:\/\/www.ffcam38.com\/jeunes-alpinistes\/wp-content\/uploads\/2025\/06\/WhatsApp-Image-2025-05-12-a-16.46.19_10ac385a-203x270.jpg 203w, https:\/\/www.ffcam38.com\/jeunes-alpinistes\/wp-content\/uploads\/2025\/06\/WhatsApp-Image-2025-05-12-a-16.46.19_10ac385a.jpg 1536w\" sizes=\"auto, (max-width: 768px) 100vw, 768px\" \/><\/figure>\n<\/figure>\n\n\n\n<p><\/p>\n","protected":false},"excerpt":{"rendered":"<p>3 semaines d\u2019itin\u00e9rance en train-v\u00e9lo pour aller grimper entre l\u2019Espagne et la France. Tout d\u00e9bute par le week-end V\u00e9lo-grimpe avec les Equipes Jeunes Alpi \u00e0 Presles. De quoi tester le matos et&nbsp; bricoler un peu le v\u00e9lo, et c\u2019est la reprise de la grimpe! Le calcaire de Presles, comme chaque ann\u00e9e, ne se laisse pas faire facilement. Je suis partie un peu trop charg\u00e9e, alors je laisse un peu de matos aux copains qui rentrent sur Grenoble.&nbsp; Je continue ma&#8230;<\/p>\n<p class=\"read-more\"><a class=\"btn btn-default\" href=\"https:\/\/www.ffcam38.com\/jeunes-alpinistes\/2025\/06\/22\/vagabondage-sur-deux-roues\/\">Lire la suite<span class=\"screen-reader-text\"> Lire la suite<\/span><\/a><\/p>\n","protected":false},"author":136,"featured_media":6407,"comment_status":"open","ping_status":"open","sticky":false,"template":"","format":"standard","meta":{"footnotes":""},"categories":[],"tags":[],"class_list":["post-6406","post","type-post","status-publish","format-standard","has-post-thumbnail","hentry"],"_links":{"self":[{"href":"https:\/\/www.ffcam38.com\/jeunes-alpinistes\/wp-json\/wp\/v2\/posts\/6406","targetHints":{"allow":["GET"]}}],"collection":[{"href":"https:\/\/www.ffcam38.com\/jeunes-alpinistes\/wp-json\/wp\/v2\/posts"}],"about":[{"href":"https:\/\/www.ffcam38.com\/jeunes-alpinistes\/wp-json\/wp\/v2\/types\/post"}],"author":[{"embeddable":true,"href":"https:\/\/www.ffcam38.com\/jeunes-alpinistes\/wp-json\/wp\/v2\/users\/136"}],"replies":[{"embeddable":true,"href":"https:\/\/www.ffcam38.com\/jeunes-alpinistes\/wp-json\/wp\/v2\/comments?post=6406"}],"version-history":[{"count":6,"href":"https:\/\/www.ffcam38.com\/jeunes-alpinistes\/wp-json\/wp\/v2\/posts\/6406\/revisions"}],"predecessor-version":[{"id":6512,"href":"https:\/\/www.ffcam38.com\/jeunes-alpinistes\/wp-json\/wp\/v2\/posts\/6406\/revisions\/6512"}],"wp:featuredmedia":[{"embeddable":true,"href":"https:\/\/www.ffcam38.com\/jeunes-alpinistes\/wp-json\/wp\/v2\/media\/6407"}],"wp:attachment":[{"href":"https:\/\/www.ffcam38.com\/jeunes-alpinistes\/wp-json\/wp\/v2\/media?parent=6406"}],"wp:term":[{"taxonomy":"category","embeddable":true,"href":"https:\/\/www.ffcam38.com\/jeunes-alpinistes\/wp-json\/wp\/v2\/categories?post=6406"},{"taxonomy":"post_tag","embeddable":true,"href":"https:\/\/www.ffcam38.com\/jeunes-alpinistes\/wp-json\/wp\/v2\/tags?post=6406"}],"curies":[{"name":"wp","href":"https:\/\/api.w.org\/{rel}","templated":true}]}}