{"id":6460,"date":"2024-11-23T21:24:00","date_gmt":"2024-11-23T20:24:00","guid":{"rendered":"https:\/\/www.ffcam38.com\/jeunes-alpinistes\/?p=6460"},"modified":"2025-12-02T09:10:50","modified_gmt":"2025-12-02T08:10:50","slug":"weekend-fondamentaux","status":"publish","type":"post","link":"https:\/\/www.ffcam38.com\/jeunes-alpinistes\/2024\/11\/23\/weekend-fondamentaux\/","title":{"rendered":"Weekend fondamentaux &#8211; 11\/2024"},"content":{"rendered":"\n<p>Apr\u00e8s le week-end orientation, on se retrouve tous (les<br>premi\u00e8res ann\u00e9es) \u00e0 Presles dans le Vercors pour la fameuse<br>journ\u00e9e \u00a0\u00bb fondamentaux &#8211; alpi\/TA\u00a0\u00bb.<\/p>\n\n\n\n<p>Au programme de la journ\u00e9e, deux ateliers manip:<br>\u25cf R\u00e9vision construction d&rsquo;un relai<br>\u25cf Diff\u00e9rents types d&rsquo;encordements<\/p>\n\n\n\n<p>Rdv \u00e0 10h au gite \u00ab\u00a0Entre Ciel et pierre\u00a0\u00bb et c&rsquo;est parti pour l&rsquo;\u00e9cole<br>de trad de Presles.<\/p>\n\n\n\n<p>Apr\u00e8s une petite marche suivie d&rsquo;une courte via ferrata, on<br>arrive \u00e0 la falaise. On s&rsquo;installent tranquillement et on se r\u00e9partit dans chacun des ateliers.<\/p>\n\n\n\n<p>Dans le premier atelier, chacun construit un relai et on en d\u00e9briefe tous ensemble apr\u00e8s. Dans l&rsquo;autre, on r\u00e9vise les diff\u00e9rents types d&rsquo;encordement (corde courte, corde tendu,&#8230;) avant de passer \u00e0 la pratique avec un petit parcours entre la roche, les branches et les ronces. <br>Une fois ces r\u00e9visions faites, on s\u2019encorde et chacun grimpe ce qu\u2019il veut comme il veut. Pour certains ce sera de l\u2019artif tandis que pour d&rsquo;autres ce sera du grand libre !<\/p>\n\n\n\n<figure class=\"wp-block-image\"><img loading=\"lazy\" decoding=\"async\" width=\"782\" height=\"1024\" src=\"https:\/\/www.ffcam38.com\/jeunes-alpinistes\/wp-content\/uploads\/2025\/07\/E8A68264-DB29-48D6-9500-EFB45D01077D_1_201_a-782x1024.jpeg\" alt=\"\" class=\"wp-image-6463\" srcset=\"https:\/\/www.ffcam38.com\/jeunes-alpinistes\/wp-content\/uploads\/2025\/07\/E8A68264-DB29-48D6-9500-EFB45D01077D_1_201_a-782x1024.jpeg 782w, https:\/\/www.ffcam38.com\/jeunes-alpinistes\/wp-content\/uploads\/2025\/07\/E8A68264-DB29-48D6-9500-EFB45D01077D_1_201_a-229x300.jpeg 229w, https:\/\/www.ffcam38.com\/jeunes-alpinistes\/wp-content\/uploads\/2025\/07\/E8A68264-DB29-48D6-9500-EFB45D01077D_1_201_a-768x1006.jpeg 768w, https:\/\/www.ffcam38.com\/jeunes-alpinistes\/wp-content\/uploads\/2025\/07\/E8A68264-DB29-48D6-9500-EFB45D01077D_1_201_a-1173x1536.jpeg 1173w, https:\/\/www.ffcam38.com\/jeunes-alpinistes\/wp-content\/uploads\/2025\/07\/E8A68264-DB29-48D6-9500-EFB45D01077D_1_201_a-206x270.jpeg 206w, https:\/\/www.ffcam38.com\/jeunes-alpinistes\/wp-content\/uploads\/2025\/07\/E8A68264-DB29-48D6-9500-EFB45D01077D_1_201_a.jpeg 1200w\" sizes=\"auto, (max-width: 782px) 100vw, 782px\" \/><\/figure>\n\n\n\n<p><br>Le temps passe et le vent se l\u00e8ve, le soleil s\u2019\u00e9loigne et petit \u00e0 petit on r\u00e9-enfile tous nos doudounes avant de rentrer \u00e0 Grenoble. <\/p>\n\n\n\n<figure class=\"wp-block-image size-large\"><img loading=\"lazy\" decoding=\"async\" width=\"1024\" height=\"1021\" src=\"https:\/\/www.ffcam38.com\/jeunes-alpinistes\/wp-content\/uploads\/2025\/07\/60E4C44F-2958-4F40-B491-E48E31C12EAD_1_201_a-1024x1021.jpeg\" alt=\"\" class=\"wp-image-6469\" srcset=\"https:\/\/www.ffcam38.com\/jeunes-alpinistes\/wp-content\/uploads\/2025\/07\/60E4C44F-2958-4F40-B491-E48E31C12EAD_1_201_a-1024x1021.jpeg 1024w, https:\/\/www.ffcam38.com\/jeunes-alpinistes\/wp-content\/uploads\/2025\/07\/60E4C44F-2958-4F40-B491-E48E31C12EAD_1_201_a-300x300.jpeg 300w, https:\/\/www.ffcam38.com\/jeunes-alpinistes\/wp-content\/uploads\/2025\/07\/60E4C44F-2958-4F40-B491-E48E31C12EAD_1_201_a-150x150.jpeg 150w, https:\/\/www.ffcam38.com\/jeunes-alpinistes\/wp-content\/uploads\/2025\/07\/60E4C44F-2958-4F40-B491-E48E31C12EAD_1_201_a-768x765.jpeg 768w, https:\/\/www.ffcam38.com\/jeunes-alpinistes\/wp-content\/uploads\/2025\/07\/60E4C44F-2958-4F40-B491-E48E31C12EAD_1_201_a-271x270.jpeg 271w, https:\/\/www.ffcam38.com\/jeunes-alpinistes\/wp-content\/uploads\/2025\/07\/60E4C44F-2958-4F40-B491-E48E31C12EAD_1_201_a.jpeg 1200w\" sizes=\"auto, (max-width: 1024px) 100vw, 1024px\" \/><\/figure>\n\n\n\n<p>La journ\u00e9e de dimanche commence sous un beau soleil mais nous allons chercher l&rsquo;ombre. Direction Casse-rousse !<br>L&rsquo;iso est haut les nuits peu froides mais nous avons tous trouv\u00e9 notre bonheur.<br>Les cord\u00e9es se forment par 2 ou 3 et partent chacune dans des itin\u00e9raires de tous niveaux.<br>Les guides et aspirants guides se greffent aux cord\u00e9es et assurent ainsi la s\u00e9curit\u00e9 et surtout la bonne humeur.<br>Chaque cord\u00e9e sors de sa voie aux alentours de 13h30.<br>Quelques cord\u00e9es repartent dans les classiques (chien et bloc coinc\u00e9e).<br>Pour le reste c&rsquo;est s\u00e9ance dry naturel !<br>Nos guides ont \u00e9quip\u00e9 de bons relais sur les arbres et nous proposent 5 voies de difficult\u00e9s variables pour que l&rsquo;on puisse s&rsquo;entra\u00eener \u00e0 l&rsquo;escalade mixte.<br>L&rsquo;ambiance est au rendez-vous tout comme la motivation.<\/p>\n\n\n\n<p><br>Il se fait tard et l&rsquo;on commence \u00e0 retourner aux voitures bien content de cette journ\u00e9e.<br>C&rsquo;\u00e9tait pour beaucoup la premi\u00e8res sortie mixte \/ glace de la saison et c&rsquo;\u00e9tait vraiment pas mal. Merci \u00e0 Casse-rousse d&rsquo;exister !<br>En somme une belle journ\u00e9e sous l&rsquo;ombre du soleil. Merci \u00e0 nos encadrant et guides pour leur conseil et aux \u00e9quipes pour leur bonne humeur.<\/p>\n\n\n\n<figure class=\"wp-block-image size-large\"><img loading=\"lazy\" decoding=\"async\" width=\"792\" height=\"1024\" src=\"https:\/\/www.ffcam38.com\/jeunes-alpinistes\/wp-content\/uploads\/2025\/07\/E6F3B378-32FF-41FD-99DD-D166CF41ACF7_1_201_a-792x1024.jpeg\" alt=\"\" class=\"wp-image-6470\" srcset=\"https:\/\/www.ffcam38.com\/jeunes-alpinistes\/wp-content\/uploads\/2025\/07\/E6F3B378-32FF-41FD-99DD-D166CF41ACF7_1_201_a-792x1024.jpeg 792w, https:\/\/www.ffcam38.com\/jeunes-alpinistes\/wp-content\/uploads\/2025\/07\/E6F3B378-32FF-41FD-99DD-D166CF41ACF7_1_201_a-232x300.jpeg 232w, https:\/\/www.ffcam38.com\/jeunes-alpinistes\/wp-content\/uploads\/2025\/07\/E6F3B378-32FF-41FD-99DD-D166CF41ACF7_1_201_a-768x993.jpeg 768w, https:\/\/www.ffcam38.com\/jeunes-alpinistes\/wp-content\/uploads\/2025\/07\/E6F3B378-32FF-41FD-99DD-D166CF41ACF7_1_201_a-1188x1536.jpeg 1188w, https:\/\/www.ffcam38.com\/jeunes-alpinistes\/wp-content\/uploads\/2025\/07\/E6F3B378-32FF-41FD-99DD-D166CF41ACF7_1_201_a-209x270.jpeg 209w, https:\/\/www.ffcam38.com\/jeunes-alpinistes\/wp-content\/uploads\/2025\/07\/E6F3B378-32FF-41FD-99DD-D166CF41ACF7_1_201_a.jpeg 1200w\" sizes=\"auto, (max-width: 792px) 100vw, 792px\" \/><\/figure>\n\n\n\n<p><\/p>\n","protected":false},"excerpt":{"rendered":"<p>Apr\u00e8s le week-end orientation, on se retrouve tous (lespremi\u00e8res ann\u00e9es) \u00e0 Presles dans le Vercors pour la fameusejourn\u00e9e \u00a0\u00bb fondamentaux &#8211; alpi\/TA\u00a0\u00bb. Au programme de la journ\u00e9e, deux ateliers manip:\u25cf R\u00e9vision construction d&rsquo;un relai\u25cf Diff\u00e9rents types d&rsquo;encordements Rdv \u00e0 10h au gite \u00ab\u00a0Entre Ciel et pierre\u00a0\u00bb et c&rsquo;est parti pour l&rsquo;\u00e9colede trad de Presles. Apr\u00e8s une petite marche suivie d&rsquo;une courte via ferrata, onarrive \u00e0 la falaise. On s&rsquo;installent tranquillement et on se r\u00e9partit dans chacun des ateliers. Dans le&#8230;<\/p>\n<p class=\"read-more\"><a class=\"btn btn-default\" href=\"https:\/\/www.ffcam38.com\/jeunes-alpinistes\/2024\/11\/23\/weekend-fondamentaux\/\">Lire la suite<span class=\"screen-reader-text\"> Lire la suite<\/span><\/a><\/p>\n","protected":false},"author":147,"featured_media":6467,"comment_status":"open","ping_status":"open","sticky":false,"template":"","format":"standard","meta":{"footnotes":""},"categories":[],"tags":[12,158],"class_list":["post-6460","post","type-post","status-publish","format-standard","has-post-thumbnail","hentry","tag-goulotte","tag-terrain-daventure"],"_links":{"self":[{"href":"https:\/\/www.ffcam38.com\/jeunes-alpinistes\/wp-json\/wp\/v2\/posts\/6460","targetHints":{"allow":["GET"]}}],"collection":[{"href":"https:\/\/www.ffcam38.com\/jeunes-alpinistes\/wp-json\/wp\/v2\/posts"}],"about":[{"href":"https:\/\/www.ffcam38.com\/jeunes-alpinistes\/wp-json\/wp\/v2\/types\/post"}],"author":[{"embeddable":true,"href":"https:\/\/www.ffcam38.com\/jeunes-alpinistes\/wp-json\/wp\/v2\/users\/147"}],"replies":[{"embeddable":true,"href":"https:\/\/www.ffcam38.com\/jeunes-alpinistes\/wp-json\/wp\/v2\/comments?post=6460"}],"version-history":[{"count":4,"href":"https:\/\/www.ffcam38.com\/jeunes-alpinistes\/wp-json\/wp\/v2\/posts\/6460\/revisions"}],"predecessor-version":[{"id":6695,"href":"https:\/\/www.ffcam38.com\/jeunes-alpinistes\/wp-json\/wp\/v2\/posts\/6460\/revisions\/6695"}],"wp:featuredmedia":[{"embeddable":true,"href":"https:\/\/www.ffcam38.com\/jeunes-alpinistes\/wp-json\/wp\/v2\/media\/6467"}],"wp:attachment":[{"href":"https:\/\/www.ffcam38.com\/jeunes-alpinistes\/wp-json\/wp\/v2\/media?parent=6460"}],"wp:term":[{"taxonomy":"category","embeddable":true,"href":"https:\/\/www.ffcam38.com\/jeunes-alpinistes\/wp-json\/wp\/v2\/categories?post=6460"},{"taxonomy":"post_tag","embeddable":true,"href":"https:\/\/www.ffcam38.com\/jeunes-alpinistes\/wp-json\/wp\/v2\/tags?post=6460"}],"curies":[{"name":"wp","href":"https:\/\/api.w.org\/{rel}","templated":true}]}}