{"id":6565,"date":"2025-05-26T14:32:43","date_gmt":"2025-05-26T12:32:43","guid":{"rendered":"https:\/\/www.ffcam38.com\/jeunes-alpinistes\/?p=6565"},"modified":"2025-12-03T12:53:38","modified_gmt":"2025-12-03T11:53:38","slug":"base-camp-grimpe-dans-le-verdon-%f0%9f%8c%9e","status":"publish","type":"post","link":"https:\/\/www.ffcam38.com\/jeunes-alpinistes\/2025\/05\/26\/base-camp-grimpe-dans-le-verdon-%f0%9f%8c%9e\/","title":{"rendered":"Base-Camp Grimpe dans le Verdon \ud83c\udf1e &#8211; 05\/2025"},"content":{"rendered":"\n<p>(8 au 11 mai 2025)<\/p>\n\n\n\n<div class=\"wp-block-group has-luminous-vivid-amber-background-color has-background\"><div class=\"wp-block-group__inner-container is-layout-constrained wp-block-group-is-layout-constrained\">\n<div class=\"wp-block-columns is-layout-flex wp-container-core-columns-is-layout-9d6595d7 wp-block-columns-is-layout-flex\">\n<div class=\"wp-block-column is-layout-flow wp-block-column-is-layout-flow\" style=\"flex-basis:100%\">\n<p><em>Pour ce premier Base-camp de l&rsquo;\u00e9t\u00e9, les \u00e9quipes se retrouvent dans le Verdon. Entre pose de coinceurs, artif, ou grandes voies spit\u00e9es, on ne s&rsquo;est pas ennuy\u00e9s !<\/em><\/p>\n<\/div>\n<\/div>\n<\/div><\/div>\n\n\n\n<p>Apr\u00e8s une arriv\u00e9e tardive au camping de la Palud le jeudi soir, nous plantons les tentes et commen\u00e7ons \u00e0 choisir les grandes voies du lendemain.<\/p>\n\n\n\n<h2 class=\"wp-block-heading\">9 mai:<\/h2>\n\n\n\n<p>Aux vues du temps incertain pour la journ\u00e9e, Liv et moi commen\u00e7ons ce s\u00e9jour par une grande voie r\u00e9cente et pas trop longue : \u00ab\u00a0L&rsquo;\u00e9peron de V\u00e9n\u00e9lois\u00a0\u00bb. Apr\u00e8s deux courts rappels nous enchainons 9 jolies longueurs sur des gouttes d&rsquo;eau typiques Verdonesque et sortons en m\u00eame temps que la pluie. <\/p>\n\n\n\n<figure class=\"wp-block-gallery has-nested-images columns-default is-cropped wp-block-gallery-1 is-layout-flex wp-block-gallery-is-layout-flex\">\n<figure class=\"wp-block-image size-large\"><img loading=\"lazy\" decoding=\"async\" width=\"1024\" height=\"768\" data-id=\"6568\" src=\"https:\/\/www.ffcam38.com\/jeunes-alpinistes\/wp-content\/uploads\/2025\/09\/20250508_114245-1-1024x768.jpg\" alt=\"\" class=\"wp-image-6568\" srcset=\"https:\/\/www.ffcam38.com\/jeunes-alpinistes\/wp-content\/uploads\/2025\/09\/20250508_114245-1-1024x768.jpg 1024w, https:\/\/www.ffcam38.com\/jeunes-alpinistes\/wp-content\/uploads\/2025\/09\/20250508_114245-1-300x225.jpg 300w, https:\/\/www.ffcam38.com\/jeunes-alpinistes\/wp-content\/uploads\/2025\/09\/20250508_114245-1-768x576.jpg 768w, https:\/\/www.ffcam38.com\/jeunes-alpinistes\/wp-content\/uploads\/2025\/09\/20250508_114245-1-1536x1152.jpg 1536w, https:\/\/www.ffcam38.com\/jeunes-alpinistes\/wp-content\/uploads\/2025\/09\/20250508_114245-1-2048x1536.jpg 2048w, https:\/\/www.ffcam38.com\/jeunes-alpinistes\/wp-content\/uploads\/2025\/09\/20250508_114245-1-360x270.jpg 360w\" sizes=\"auto, (max-width: 1024px) 100vw, 1024px\" \/><\/figure>\n\n\n\n<figure class=\"wp-block-image size-large\"><img loading=\"lazy\" decoding=\"async\" width=\"768\" height=\"1024\" data-id=\"6569\" src=\"https:\/\/www.ffcam38.com\/jeunes-alpinistes\/wp-content\/uploads\/2025\/09\/20250508_145124-1-768x1024.jpg\" alt=\"\" class=\"wp-image-6569\" srcset=\"https:\/\/www.ffcam38.com\/jeunes-alpinistes\/wp-content\/uploads\/2025\/09\/20250508_145124-1-768x1024.jpg 768w, https:\/\/www.ffcam38.com\/jeunes-alpinistes\/wp-content\/uploads\/2025\/09\/20250508_145124-1-225x300.jpg 225w, https:\/\/www.ffcam38.com\/jeunes-alpinistes\/wp-content\/uploads\/2025\/09\/20250508_145124-1-1152x1536.jpg 1152w, https:\/\/www.ffcam38.com\/jeunes-alpinistes\/wp-content\/uploads\/2025\/09\/20250508_145124-1-1536x2048.jpg 1536w, https:\/\/www.ffcam38.com\/jeunes-alpinistes\/wp-content\/uploads\/2025\/09\/20250508_145124-1-203x270.jpg 203w, https:\/\/www.ffcam38.com\/jeunes-alpinistes\/wp-content\/uploads\/2025\/09\/20250508_145124-1-scaled.jpg 1920w\" sizes=\"auto, (max-width: 768px) 100vw, 768px\" \/><\/figure>\n<\/figure>\n\n\n\n<h2 class=\"wp-block-heading\">10 mai :<\/h2>\n\n\n\n<p>La m\u00e9t\u00e9o ne s&rsquo;annon\u00e7ant toujours pas plus cl\u00e9mente, un groupe d\u00e9cide de profiter de la pluie pour s&rsquo;exercer \u00e0 l&rsquo;artif\u00a0\u00bb dans les grands toits  faisants face \u00e0 la parois du Duc. Au programme : pose de pitons, coins de bois, plombs et acrobaties sur crochets goutte d&rsquo;eau.<\/p>\n\n\n\n<figure class=\"wp-block-gallery has-nested-images columns-default is-cropped wp-block-gallery-2 is-layout-flex wp-block-gallery-is-layout-flex\">\n<figure class=\"wp-block-image size-large\"><img loading=\"lazy\" decoding=\"async\" width=\"769\" height=\"1024\" data-id=\"6570\" src=\"https:\/\/www.ffcam38.com\/jeunes-alpinistes\/wp-content\/uploads\/2025\/09\/IMG_20250509_115734-769x1024.jpg\" alt=\"\" class=\"wp-image-6570\" srcset=\"https:\/\/www.ffcam38.com\/jeunes-alpinistes\/wp-content\/uploads\/2025\/09\/IMG_20250509_115734-769x1024.jpg 769w, https:\/\/www.ffcam38.com\/jeunes-alpinistes\/wp-content\/uploads\/2025\/09\/IMG_20250509_115734-225x300.jpg 225w, https:\/\/www.ffcam38.com\/jeunes-alpinistes\/wp-content\/uploads\/2025\/09\/IMG_20250509_115734-768x1023.jpg 768w, https:\/\/www.ffcam38.com\/jeunes-alpinistes\/wp-content\/uploads\/2025\/09\/IMG_20250509_115734-1153x1536.jpg 1153w, https:\/\/www.ffcam38.com\/jeunes-alpinistes\/wp-content\/uploads\/2025\/09\/IMG_20250509_115734-1538x2048.jpg 1538w, https:\/\/www.ffcam38.com\/jeunes-alpinistes\/wp-content\/uploads\/2025\/09\/IMG_20250509_115734-203x270.jpg 203w, https:\/\/www.ffcam38.com\/jeunes-alpinistes\/wp-content\/uploads\/2025\/09\/IMG_20250509_115734-scaled.jpg 1922w\" sizes=\"auto, (max-width: 769px) 100vw, 769px\" \/><\/figure>\n\n\n\n<figure class=\"wp-block-image size-large\"><img loading=\"lazy\" decoding=\"async\" width=\"769\" height=\"1024\" data-id=\"6572\" src=\"https:\/\/www.ffcam38.com\/jeunes-alpinistes\/wp-content\/uploads\/2025\/09\/IMG_20250509_115839-769x1024.jpg\" alt=\"\" class=\"wp-image-6572\" srcset=\"https:\/\/www.ffcam38.com\/jeunes-alpinistes\/wp-content\/uploads\/2025\/09\/IMG_20250509_115839-769x1024.jpg 769w, https:\/\/www.ffcam38.com\/jeunes-alpinistes\/wp-content\/uploads\/2025\/09\/IMG_20250509_115839-225x300.jpg 225w, https:\/\/www.ffcam38.com\/jeunes-alpinistes\/wp-content\/uploads\/2025\/09\/IMG_20250509_115839-768x1023.jpg 768w, https:\/\/www.ffcam38.com\/jeunes-alpinistes\/wp-content\/uploads\/2025\/09\/IMG_20250509_115839-1153x1536.jpg 1153w, https:\/\/www.ffcam38.com\/jeunes-alpinistes\/wp-content\/uploads\/2025\/09\/IMG_20250509_115839-1538x2048.jpg 1538w, https:\/\/www.ffcam38.com\/jeunes-alpinistes\/wp-content\/uploads\/2025\/09\/IMG_20250509_115839-203x270.jpg 203w, https:\/\/www.ffcam38.com\/jeunes-alpinistes\/wp-content\/uploads\/2025\/09\/IMG_20250509_115839-scaled.jpg 1922w\" sizes=\"auto, (max-width: 769px) 100vw, 769px\" \/><\/figure>\n\n\n\n<figure class=\"wp-block-image size-large\"><img loading=\"lazy\" decoding=\"async\" width=\"769\" height=\"1024\" data-id=\"6571\" src=\"https:\/\/www.ffcam38.com\/jeunes-alpinistes\/wp-content\/uploads\/2025\/09\/IMG_20250509_120853-769x1024.jpg\" alt=\"\" class=\"wp-image-6571\" srcset=\"https:\/\/www.ffcam38.com\/jeunes-alpinistes\/wp-content\/uploads\/2025\/09\/IMG_20250509_120853-769x1024.jpg 769w, https:\/\/www.ffcam38.com\/jeunes-alpinistes\/wp-content\/uploads\/2025\/09\/IMG_20250509_120853-225x300.jpg 225w, https:\/\/www.ffcam38.com\/jeunes-alpinistes\/wp-content\/uploads\/2025\/09\/IMG_20250509_120853-768x1023.jpg 768w, https:\/\/www.ffcam38.com\/jeunes-alpinistes\/wp-content\/uploads\/2025\/09\/IMG_20250509_120853-1153x1536.jpg 1153w, https:\/\/www.ffcam38.com\/jeunes-alpinistes\/wp-content\/uploads\/2025\/09\/IMG_20250509_120853-1538x2048.jpg 1538w, https:\/\/www.ffcam38.com\/jeunes-alpinistes\/wp-content\/uploads\/2025\/09\/IMG_20250509_120853-203x270.jpg 203w, https:\/\/www.ffcam38.com\/jeunes-alpinistes\/wp-content\/uploads\/2025\/09\/IMG_20250509_120853-scaled.jpg 1922w\" sizes=\"auto, (max-width: 769px) 100vw, 769px\" \/><\/figure>\n<\/figure>\n\n\n\n<p>Nous r\u00e9ussissons m\u00eame \u00e0 grimper quelques longueurs \u00e0 gauche de notre secteur en fin d&rsquo;apr\u00e8s midi !<\/p>\n\n\n\n<h2 class=\"wp-block-heading\">11 mai :<\/h2>\n\n\n\n<p>Pour ce dernier jour le soleil est enfin de retour, nous en profitons pour attaquer une voie historique du Verdon : La ULA. D\u00e9part \u00e0 v\u00e9lo du camping puis nous voila aux dalles grises o\u00f9 nous tirons quelques rappels bien a\u00e9riens. <\/p>\n\n\n\n<figure class=\"wp-block-gallery has-nested-images columns-default is-cropped wp-block-gallery-3 is-layout-flex wp-block-gallery-is-layout-flex\">\n<figure class=\"wp-block-image size-large\"><img loading=\"lazy\" decoding=\"async\" width=\"771\" height=\"1024\" data-id=\"6573\" src=\"https:\/\/www.ffcam38.com\/jeunes-alpinistes\/wp-content\/uploads\/2025\/09\/IMG_20250510_092002-771x1024.jpg\" alt=\"\" class=\"wp-image-6573\" srcset=\"https:\/\/www.ffcam38.com\/jeunes-alpinistes\/wp-content\/uploads\/2025\/09\/IMG_20250510_092002-771x1024.jpg 771w, https:\/\/www.ffcam38.com\/jeunes-alpinistes\/wp-content\/uploads\/2025\/09\/IMG_20250510_092002-226x300.jpg 226w, https:\/\/www.ffcam38.com\/jeunes-alpinistes\/wp-content\/uploads\/2025\/09\/IMG_20250510_092002-768x1020.jpg 768w, https:\/\/www.ffcam38.com\/jeunes-alpinistes\/wp-content\/uploads\/2025\/09\/IMG_20250510_092002-1157x1536.jpg 1157w, https:\/\/www.ffcam38.com\/jeunes-alpinistes\/wp-content\/uploads\/2025\/09\/IMG_20250510_092002-1542x2048.jpg 1542w, https:\/\/www.ffcam38.com\/jeunes-alpinistes\/wp-content\/uploads\/2025\/09\/IMG_20250510_092002-203x270.jpg 203w, https:\/\/www.ffcam38.com\/jeunes-alpinistes\/wp-content\/uploads\/2025\/09\/IMG_20250510_092002-scaled.jpg 1928w\" sizes=\"auto, (max-width: 771px) 100vw, 771px\" \/><\/figure>\n\n\n\n<figure class=\"wp-block-image size-large\"><img loading=\"lazy\" decoding=\"async\" width=\"771\" height=\"1024\" data-id=\"6574\" src=\"https:\/\/www.ffcam38.com\/jeunes-alpinistes\/wp-content\/uploads\/2025\/09\/IMG_20250510_154942-771x1024.jpg\" alt=\"\" class=\"wp-image-6574\" srcset=\"https:\/\/www.ffcam38.com\/jeunes-alpinistes\/wp-content\/uploads\/2025\/09\/IMG_20250510_154942-771x1024.jpg 771w, https:\/\/www.ffcam38.com\/jeunes-alpinistes\/wp-content\/uploads\/2025\/09\/IMG_20250510_154942-226x300.jpg 226w, https:\/\/www.ffcam38.com\/jeunes-alpinistes\/wp-content\/uploads\/2025\/09\/IMG_20250510_154942-768x1020.jpg 768w, https:\/\/www.ffcam38.com\/jeunes-alpinistes\/wp-content\/uploads\/2025\/09\/IMG_20250510_154942-1157x1536.jpg 1157w, https:\/\/www.ffcam38.com\/jeunes-alpinistes\/wp-content\/uploads\/2025\/09\/IMG_20250510_154942-1542x2048.jpg 1542w, https:\/\/www.ffcam38.com\/jeunes-alpinistes\/wp-content\/uploads\/2025\/09\/IMG_20250510_154942-203x270.jpg 203w, https:\/\/www.ffcam38.com\/jeunes-alpinistes\/wp-content\/uploads\/2025\/09\/IMG_20250510_154942-scaled.jpg 1928w\" sizes=\"auto, (max-width: 771px) 100vw, 771px\" \/><\/figure>\n<\/figure>\n\n\n\n<p>Les belles longueurs en fissure nous permettent de r\u00e9viser notre pose de coinceurs et nos verrous de main, une jolie voie de coch\u00e9e !<\/p>\n\n\n\n<figure class=\"wp-block-gallery has-nested-images columns-default is-cropped wp-block-gallery-4 is-layout-flex wp-block-gallery-is-layout-flex\">\n<figure class=\"wp-block-image size-large\"><img loading=\"lazy\" decoding=\"async\" width=\"771\" height=\"1024\" data-id=\"6575\" src=\"https:\/\/www.ffcam38.com\/jeunes-alpinistes\/wp-content\/uploads\/2025\/09\/IMG_20250510_175847-771x1024.jpg\" alt=\"\" class=\"wp-image-6575\" srcset=\"https:\/\/www.ffcam38.com\/jeunes-alpinistes\/wp-content\/uploads\/2025\/09\/IMG_20250510_175847-771x1024.jpg 771w, https:\/\/www.ffcam38.com\/jeunes-alpinistes\/wp-content\/uploads\/2025\/09\/IMG_20250510_175847-226x300.jpg 226w, https:\/\/www.ffcam38.com\/jeunes-alpinistes\/wp-content\/uploads\/2025\/09\/IMG_20250510_175847-768x1020.jpg 768w, https:\/\/www.ffcam38.com\/jeunes-alpinistes\/wp-content\/uploads\/2025\/09\/IMG_20250510_175847-1157x1536.jpg 1157w, https:\/\/www.ffcam38.com\/jeunes-alpinistes\/wp-content\/uploads\/2025\/09\/IMG_20250510_175847-1542x2048.jpg 1542w, https:\/\/www.ffcam38.com\/jeunes-alpinistes\/wp-content\/uploads\/2025\/09\/IMG_20250510_175847-203x270.jpg 203w, https:\/\/www.ffcam38.com\/jeunes-alpinistes\/wp-content\/uploads\/2025\/09\/IMG_20250510_175847-scaled.jpg 1928w\" sizes=\"auto, (max-width: 771px) 100vw, 771px\" \/><\/figure>\n\n\n\n<figure class=\"wp-block-image size-large\"><img loading=\"lazy\" decoding=\"async\" width=\"771\" height=\"1024\" data-id=\"6576\" src=\"https:\/\/www.ffcam38.com\/jeunes-alpinistes\/wp-content\/uploads\/2025\/09\/IMG_20250510_190612-771x1024.jpg\" alt=\"\" class=\"wp-image-6576\" srcset=\"https:\/\/www.ffcam38.com\/jeunes-alpinistes\/wp-content\/uploads\/2025\/09\/IMG_20250510_190612-771x1024.jpg 771w, https:\/\/www.ffcam38.com\/jeunes-alpinistes\/wp-content\/uploads\/2025\/09\/IMG_20250510_190612-226x300.jpg 226w, https:\/\/www.ffcam38.com\/jeunes-alpinistes\/wp-content\/uploads\/2025\/09\/IMG_20250510_190612-768x1020.jpg 768w, https:\/\/www.ffcam38.com\/jeunes-alpinistes\/wp-content\/uploads\/2025\/09\/IMG_20250510_190612-1157x1536.jpg 1157w, https:\/\/www.ffcam38.com\/jeunes-alpinistes\/wp-content\/uploads\/2025\/09\/IMG_20250510_190612-1542x2048.jpg 1542w, https:\/\/www.ffcam38.com\/jeunes-alpinistes\/wp-content\/uploads\/2025\/09\/IMG_20250510_190612-203x270.jpg 203w, https:\/\/www.ffcam38.com\/jeunes-alpinistes\/wp-content\/uploads\/2025\/09\/IMG_20250510_190612-scaled.jpg 1928w\" sizes=\"auto, (max-width: 771px) 100vw, 771px\" \/><\/figure>\n<\/figure>\n","protected":false},"excerpt":{"rendered":"<p>(8 au 11 mai 2025) Pour ce premier Base-camp de l&rsquo;\u00e9t\u00e9, les \u00e9quipes se retrouvent dans le Verdon. Entre pose de coinceurs, artif, ou grandes voies spit\u00e9es, on ne s&rsquo;est pas ennuy\u00e9s ! Apr\u00e8s une arriv\u00e9e tardive au camping de la Palud le jeudi soir, nous plantons les tentes et commen\u00e7ons \u00e0 choisir les grandes voies du lendemain. 9 mai: Aux vues du temps incertain pour la journ\u00e9e, Liv et moi commen\u00e7ons ce s\u00e9jour par une grande voie r\u00e9cente et&#8230;<\/p>\n<p class=\"read-more\"><a class=\"btn btn-default\" href=\"https:\/\/www.ffcam38.com\/jeunes-alpinistes\/2025\/05\/26\/base-camp-grimpe-dans-le-verdon-%f0%9f%8c%9e\/\">Lire la suite<span class=\"screen-reader-text\"> Lire la suite<\/span><\/a><\/p>\n","protected":false},"author":154,"featured_media":6572,"comment_status":"open","ping_status":"open","sticky":false,"template":"","format":"standard","meta":{"footnotes":""},"categories":[],"tags":[],"class_list":["post-6565","post","type-post","status-publish","format-standard","has-post-thumbnail","hentry"],"_links":{"self":[{"href":"https:\/\/www.ffcam38.com\/jeunes-alpinistes\/wp-json\/wp\/v2\/posts\/6565","targetHints":{"allow":["GET"]}}],"collection":[{"href":"https:\/\/www.ffcam38.com\/jeunes-alpinistes\/wp-json\/wp\/v2\/posts"}],"about":[{"href":"https:\/\/www.ffcam38.com\/jeunes-alpinistes\/wp-json\/wp\/v2\/types\/post"}],"author":[{"embeddable":true,"href":"https:\/\/www.ffcam38.com\/jeunes-alpinistes\/wp-json\/wp\/v2\/users\/154"}],"replies":[{"embeddable":true,"href":"https:\/\/www.ffcam38.com\/jeunes-alpinistes\/wp-json\/wp\/v2\/comments?post=6565"}],"version-history":[{"count":3,"href":"https:\/\/www.ffcam38.com\/jeunes-alpinistes\/wp-json\/wp\/v2\/posts\/6565\/revisions"}],"predecessor-version":[{"id":6688,"href":"https:\/\/www.ffcam38.com\/jeunes-alpinistes\/wp-json\/wp\/v2\/posts\/6565\/revisions\/6688"}],"wp:featuredmedia":[{"embeddable":true,"href":"https:\/\/www.ffcam38.com\/jeunes-alpinistes\/wp-json\/wp\/v2\/media\/6572"}],"wp:attachment":[{"href":"https:\/\/www.ffcam38.com\/jeunes-alpinistes\/wp-json\/wp\/v2\/media?parent=6565"}],"wp:term":[{"taxonomy":"category","embeddable":true,"href":"https:\/\/www.ffcam38.com\/jeunes-alpinistes\/wp-json\/wp\/v2\/categories?post=6565"},{"taxonomy":"post_tag","embeddable":true,"href":"https:\/\/www.ffcam38.com\/jeunes-alpinistes\/wp-json\/wp\/v2\/tags?post=6565"}],"curies":[{"name":"wp","href":"https:\/\/api.w.org\/{rel}","templated":true}]}}