{"id":6581,"date":"2025-06-26T19:13:53","date_gmt":"2025-06-26T17:13:53","guid":{"rendered":"https:\/\/www.ffcam38.com\/jeunes-alpinistes\/?p=6581"},"modified":"2025-12-02T09:05:25","modified_gmt":"2025-12-02T08:05:25","slug":"base-camp-alpi-eychauda-rassemblement-de-tout-les-groupes-jeunes-alpi","status":"publish","type":"post","link":"https:\/\/www.ffcam38.com\/jeunes-alpinistes\/2025\/06\/26\/base-camp-alpi-eychauda-rassemblement-de-tout-les-groupes-jeunes-alpi\/","title":{"rendered":"Base camp alpi (Eychauda) Rassemblement de tout les groupes jeunes alpi 05\/2025"},"content":{"rendered":"\n<p>Nous voila parti pour un bien beau week-end prolong\u00e9 dans ce massif qu&rsquo;on appr\u00e9cie tant<br><br>Jeudi 29 mai :<br>Pour ce premier jour nous partons sur le glacier blanc pour faire du cramponnage et du secours en crevasse il faisait grand beau<br><br>Vendredi 30 mai :<br>Vendredi \u00e0 l&rsquo;aube tout le monde part sur ses courses respectives.<br>Pour mon groupe \u00e7e sera la pointe des arcas avec une belle Grande voie Cambon suivie d&rsquo;une course d&rsquo;ar\u00eate, encore un matin ou \u00e7a valait le coup de se lever.<br><br>Samedi 31 mai :<br>Ext\u00e9nu\u00e9s de la veille on commence la journ\u00e9e par une longue grasse matin\u00e9e avant d&rsquo;aller grimper une petite grande voie dans le secteur de la draye (mescal).<br>Avant de tous se retrouver pour une bonne glace.<br><br>Dimanche 1 juin :<br>On finira par une petite journ\u00e9e bloc \u00e0 Ailefroide avant de prendre la route pour Grenoble. <br><\/p>\n","protected":false},"excerpt":{"rendered":"<p>Nous voila parti pour un bien beau week-end prolong\u00e9 dans ce massif qu&rsquo;on appr\u00e9cie tant Jeudi 29 mai :Pour ce premier jour nous partons sur le glacier blanc pour faire du cramponnage et du secours en crevasse il faisait grand beau Vendredi 30 mai :Vendredi \u00e0 l&rsquo;aube tout le monde part sur ses courses respectives.Pour mon groupe \u00e7e sera la pointe des arcas avec une belle Grande voie Cambon suivie d&rsquo;une course d&rsquo;ar\u00eate, encore un matin ou \u00e7a valait le&#8230;<\/p>\n<p class=\"read-more\"><a class=\"btn btn-default\" href=\"https:\/\/www.ffcam38.com\/jeunes-alpinistes\/2025\/06\/26\/base-camp-alpi-eychauda-rassemblement-de-tout-les-groupes-jeunes-alpi\/\">Lire la suite<span class=\"screen-reader-text\"> Lire la suite<\/span><\/a><\/p>\n","protected":false},"author":162,"featured_media":0,"comment_status":"open","ping_status":"open","sticky":false,"template":"","format":"standard","meta":{"footnotes":""},"categories":[],"tags":[],"class_list":["post-6581","post","type-post","status-publish","format-standard","hentry"],"_links":{"self":[{"href":"https:\/\/www.ffcam38.com\/jeunes-alpinistes\/wp-json\/wp\/v2\/posts\/6581","targetHints":{"allow":["GET"]}}],"collection":[{"href":"https:\/\/www.ffcam38.com\/jeunes-alpinistes\/wp-json\/wp\/v2\/posts"}],"about":[{"href":"https:\/\/www.ffcam38.com\/jeunes-alpinistes\/wp-json\/wp\/v2\/types\/post"}],"author":[{"embeddable":true,"href":"https:\/\/www.ffcam38.com\/jeunes-alpinistes\/wp-json\/wp\/v2\/users\/162"}],"replies":[{"embeddable":true,"href":"https:\/\/www.ffcam38.com\/jeunes-alpinistes\/wp-json\/wp\/v2\/comments?post=6581"}],"version-history":[{"count":3,"href":"https:\/\/www.ffcam38.com\/jeunes-alpinistes\/wp-json\/wp\/v2\/posts\/6581\/revisions"}],"predecessor-version":[{"id":6686,"href":"https:\/\/www.ffcam38.com\/jeunes-alpinistes\/wp-json\/wp\/v2\/posts\/6581\/revisions\/6686"}],"wp:attachment":[{"href":"https:\/\/www.ffcam38.com\/jeunes-alpinistes\/wp-json\/wp\/v2\/media?parent=6581"}],"wp:term":[{"taxonomy":"category","embeddable":true,"href":"https:\/\/www.ffcam38.com\/jeunes-alpinistes\/wp-json\/wp\/v2\/categories?post=6581"},{"taxonomy":"post_tag","embeddable":true,"href":"https:\/\/www.ffcam38.com\/jeunes-alpinistes\/wp-json\/wp\/v2\/tags?post=6581"}],"curies":[{"name":"wp","href":"https:\/\/api.w.org\/{rel}","templated":true}]}}