{"id":6814,"date":"2026-01-26T10:00:23","date_gmt":"2026-01-26T09:00:23","guid":{"rendered":"https:\/\/www.ffcam38.com\/jeunes-alpinistes\/?p=6814"},"modified":"2026-01-26T14:06:53","modified_gmt":"2026-01-26T13:06:53","slug":"weekend-glaglaglace-1a","status":"publish","type":"post","link":"https:\/\/www.ffcam38.com\/jeunes-alpinistes\/2026\/01\/26\/weekend-glaglaglace-1a\/","title":{"rendered":"WEEK-END GLAGLAGLACE &#8211; 1A &#8211; 01\/2026"},"content":{"rendered":"\n<p>Ce weekend c\u2019\u00e9tait \u2728 cascade de glace et mixte \u2728 avec les jeunes alpinistes de l\u2019Is\u00e8re.<\/p>\n\n\n\n<figure class=\"wp-block-image size-large\"><img loading=\"lazy\" decoding=\"async\" width=\"768\" height=\"1024\" src=\"https:\/\/www.ffcam38.com\/jeunes-alpinistes\/wp-content\/uploads\/2026\/01\/IMG_20260117_123525-768x1024.jpg\" alt=\"\" class=\"wp-image-6824\" srcset=\"https:\/\/www.ffcam38.com\/jeunes-alpinistes\/wp-content\/uploads\/2026\/01\/IMG_20260117_123525-768x1024.jpg 768w, https:\/\/www.ffcam38.com\/jeunes-alpinistes\/wp-content\/uploads\/2026\/01\/IMG_20260117_123525-225x300.jpg 225w, https:\/\/www.ffcam38.com\/jeunes-alpinistes\/wp-content\/uploads\/2026\/01\/IMG_20260117_123525-1152x1536.jpg 1152w, https:\/\/www.ffcam38.com\/jeunes-alpinistes\/wp-content\/uploads\/2026\/01\/IMG_20260117_123525-1536x2048.jpg 1536w, https:\/\/www.ffcam38.com\/jeunes-alpinistes\/wp-content\/uploads\/2026\/01\/IMG_20260117_123525-203x270.jpg 203w, https:\/\/www.ffcam38.com\/jeunes-alpinistes\/wp-content\/uploads\/2026\/01\/IMG_20260117_123525-scaled.jpg 1920w\" sizes=\"auto, (max-width: 768px) 100vw, 768px\" \/><figcaption class=\"wp-element-caption\">Nos quelques quinzaines de cord\u00e9es lanc\u00e9es dans les moul&rsquo; de l&rsquo;Alpe d&rsquo;Huez<\/figcaption><\/figure>\n\n\n\n<p><br>Alors le premier jour pour la cascade, on se retrouve chez le meilleur glacier de l\u2019Alpe d\u2019Huez : les contreforts du lac Besson. Il y en a pour tous les go\u00fbts, vanille, noix de coco, glace au yaourt, couenne et grandes voies.<br>L\u2019ambiance y \u00e9tait top, assurage en terrasse, sous les flocons, et m\u00eame avec le fond de musique de la folie douce.<br>Le staff et nos initiateurs de luxes nous posent les moulinettes, nous briefent, nous apprennent \u00e0 brocher, bref c\u2019est la cr\u00e8me de la cr\u00e8me glac\u00e9e ! Et puis zou, \u00e0 notre tour maintenant, alors nous voil\u00e0 lanc\u00e9s dans la cryosph\u00e8re, sourire aux l\u00e8vres \u00e0 taper du gla\u00e7on !<br>La glace est belle et les cigares croustillants alors on ne r\u00e9siste pas. On en mange 1, 2, 3 on n\u2019arrive plus \u00e0 s\u2019arr\u00eater. Les ancrages sont fermes et la pose des pieds sucr\u00e9e, on se r\u00e9gale !<\/p>\n\n\n\n<figure class=\"wp-block-image size-large\"><img loading=\"lazy\" decoding=\"async\" width=\"768\" height=\"1024\" src=\"https:\/\/www.ffcam38.com\/jeunes-alpinistes\/wp-content\/uploads\/2026\/01\/IMG_20260117_133709-768x1024.jpg\" alt=\"\" class=\"wp-image-6821\" srcset=\"https:\/\/www.ffcam38.com\/jeunes-alpinistes\/wp-content\/uploads\/2026\/01\/IMG_20260117_133709-768x1024.jpg 768w, https:\/\/www.ffcam38.com\/jeunes-alpinistes\/wp-content\/uploads\/2026\/01\/IMG_20260117_133709-225x300.jpg 225w, https:\/\/www.ffcam38.com\/jeunes-alpinistes\/wp-content\/uploads\/2026\/01\/IMG_20260117_133709-1152x1536.jpg 1152w, https:\/\/www.ffcam38.com\/jeunes-alpinistes\/wp-content\/uploads\/2026\/01\/IMG_20260117_133709-1536x2048.jpg 1536w, https:\/\/www.ffcam38.com\/jeunes-alpinistes\/wp-content\/uploads\/2026\/01\/IMG_20260117_133709-203x270.jpg 203w, https:\/\/www.ffcam38.com\/jeunes-alpinistes\/wp-content\/uploads\/2026\/01\/IMG_20260117_133709-scaled.jpg 1920w\" sizes=\"auto, (max-width: 768px) 100vw, 768px\" \/><figcaption class=\"wp-element-caption\">Secteur de la Grotte \u00e0 l&rsquo;Alpe d&rsquo;Huez<\/figcaption><\/figure>\n\n\n\n<p><\/p>\n\n\n\n<p>Dimanche, rebelote<\/p>\n\n\n\n<p>Et comme on est beaucoup trop nombreux-ses, on d\u00e9cide strat\u00e9giquement de se s\u00e9parer : l\u2019\u00e9quipe de Ben part en mixte \u00e0 Chamrousse, et pour la team Bapt, direction le Lac Fourchu pr\u00e8s du col d\u2019Ornon pour aller chercher un peu de pure glace.<\/p>\n\n\n\n<p>Au menu pour l\u2019\u00e9quipe \u00e0 Chamrousse : Est-ce-qu\u2019on-baille et Sirocco.<br>Quelques virages et un arr\u00eat boulangerie plus tard, on arrive au pied des pistes (on fait ce qu\u2019on peut avec ce qu\u2019on a ! Les grands espaces sauvages, ce sera pour plus tard), on d\u00e9termine les cord\u00e9es, et puis c\u2019est le d\u00e9part. On fait peu de glace voire pas du tout &#8211; surtout du bon caillou pas trop recouvert par la neige. \u00c7a ne parait pas trop raide de loin\u2026 mais une fois dedans, heureusement que certains pitons -plac\u00e9s par Ben il a y fort longtemps &#8211; sont toujours l\u00e0 et nous rassurent bien quand \u00e7a prot\u00e8ge mal. On r\u00e9vise les fondamentaux en alternant scrupuleusement entre corde tendue \/ grimpe \/ corde courte.<br>Et pour finir, chocolat chaud final, en attendant les derni\u00e8res cord\u00e9es. En somme, nous, on se la coule douce : lever tardif, m\u00e9t\u00e9o sympa et goulottes toutes mignonnes.<\/p>\n\n\n\n<p>L\u2019autre groupe au Lac Fourchu a eu moins de chance. Grannnnde approche, vent froid et spindrift : des conditions patagoniennes.<\/p>\n\n\n\n<figure class=\"wp-block-image size-large\"><img loading=\"lazy\" decoding=\"async\" width=\"576\" height=\"1024\" src=\"https:\/\/www.ffcam38.com\/jeunes-alpinistes\/wp-content\/uploads\/2026\/01\/condifourchuEJA-576x1024.jpeg\" alt=\"\" class=\"wp-image-6822\" srcset=\"https:\/\/www.ffcam38.com\/jeunes-alpinistes\/wp-content\/uploads\/2026\/01\/condifourchuEJA-576x1024.jpeg 576w, https:\/\/www.ffcam38.com\/jeunes-alpinistes\/wp-content\/uploads\/2026\/01\/condifourchuEJA-169x300.jpeg 169w, https:\/\/www.ffcam38.com\/jeunes-alpinistes\/wp-content\/uploads\/2026\/01\/condifourchuEJA-768x1365.jpeg 768w, https:\/\/www.ffcam38.com\/jeunes-alpinistes\/wp-content\/uploads\/2026\/01\/condifourchuEJA-864x1536.jpeg 864w, https:\/\/www.ffcam38.com\/jeunes-alpinistes\/wp-content\/uploads\/2026\/01\/condifourchuEJA-1152x2048.jpeg 1152w, https:\/\/www.ffcam38.com\/jeunes-alpinistes\/wp-content\/uploads\/2026\/01\/condifourchuEJA-152x270.jpeg 152w, https:\/\/www.ffcam38.com\/jeunes-alpinistes\/wp-content\/uploads\/2026\/01\/condifourchuEJA-scaled.jpeg 1440w\" sizes=\"auto, (max-width: 576px) 100vw, 576px\" \/><figcaption class=\"wp-element-caption\">condi majeures comme on dit<\/figcaption><\/figure>\n\n\n\n<p>L\u2019approche \u00e9tait tr\u00e8s longue, trop longue, avec un faux plat traitre \u00e0 la fin. Et une fois arriv\u00e9-es, la glace est dure, m\u00eames les piolets les plus aff\u00fbt\u00e9s peinent \u00e0 s\u2019ancrer. Les jeunes alpi ont \u00e9t\u00e9 giga-solides, bravant joyeusement les \u00e9l\u00e9ments et progressant dans des condis pas faciles. Ils et elles ont m\u00eame \u00e9t\u00e9 bien r\u00e9compens\u00e9-es avec un coucher de soleil qui en valait la peine, photo \u00e0 l\u2019appui.<\/p>\n\n\n\n<figure class=\"wp-block-image size-large\"><img loading=\"lazy\" decoding=\"async\" width=\"1024\" height=\"576\" src=\"https:\/\/www.ffcam38.com\/jeunes-alpinistes\/wp-content\/uploads\/2026\/01\/CouchersoleilfourchuEJA-1024x576.jpeg\" alt=\"\" class=\"wp-image-6820\" srcset=\"https:\/\/www.ffcam38.com\/jeunes-alpinistes\/wp-content\/uploads\/2026\/01\/CouchersoleilfourchuEJA-1024x576.jpeg 1024w, https:\/\/www.ffcam38.com\/jeunes-alpinistes\/wp-content\/uploads\/2026\/01\/CouchersoleilfourchuEJA-300x169.jpeg 300w, https:\/\/www.ffcam38.com\/jeunes-alpinistes\/wp-content\/uploads\/2026\/01\/CouchersoleilfourchuEJA-768x432.jpeg 768w, https:\/\/www.ffcam38.com\/jeunes-alpinistes\/wp-content\/uploads\/2026\/01\/CouchersoleilfourchuEJA-1536x864.jpeg 1536w, https:\/\/www.ffcam38.com\/jeunes-alpinistes\/wp-content\/uploads\/2026\/01\/CouchersoleilfourchuEJA-2048x1152.jpeg 2048w, https:\/\/www.ffcam38.com\/jeunes-alpinistes\/wp-content\/uploads\/2026\/01\/CouchersoleilfourchuEJA-480x270.jpeg 480w\" sizes=\"auto, (max-width: 1024px) 100vw, 1024px\" \/><figcaption class=\"wp-element-caption\">Fin de weekend ! Coucher du soleil au lac fourchu<\/figcaption><\/figure>\n\n\n\n<p>Alors un immense merci pour ces adresses 5 \u2b50\ufe0f c\u2019\u00e9tait tr\u00e8s gourmand et rafra\u00eechissant, vivement recommand\u00e9 !<\/p>\n\n\n\n<p><\/p>\n\n\n\n<p><\/p>\n","protected":false},"excerpt":{"rendered":"<p>Ce weekend c\u2019\u00e9tait \u2728 cascade de glace et mixte \u2728 avec les jeunes alpinistes de l\u2019Is\u00e8re. Alors le premier jour pour la cascade, on se retrouve chez le meilleur glacier de l\u2019Alpe d\u2019Huez : les contreforts du lac Besson. Il y en a pour tous les go\u00fbts, vanille, noix de coco, glace au yaourt, couenne et grandes voies.L\u2019ambiance y \u00e9tait top, assurage en terrasse, sous les flocons, et m\u00eame avec le fond de musique de la folie douce.Le staff et&#8230;<\/p>\n<p class=\"read-more\"><a class=\"btn btn-default\" href=\"https:\/\/www.ffcam38.com\/jeunes-alpinistes\/2026\/01\/26\/weekend-glaglaglace-1a\/\">Lire la suite<span class=\"screen-reader-text\"> Lire la suite<\/span><\/a><\/p>\n","protected":false},"author":168,"featured_media":6820,"comment_status":"open","ping_status":"open","sticky":false,"template":"","format":"standard","meta":{"footnotes":""},"categories":[],"tags":[],"class_list":["post-6814","post","type-post","status-publish","format-standard","has-post-thumbnail","hentry"],"_links":{"self":[{"href":"https:\/\/www.ffcam38.com\/jeunes-alpinistes\/wp-json\/wp\/v2\/posts\/6814","targetHints":{"allow":["GET"]}}],"collection":[{"href":"https:\/\/www.ffcam38.com\/jeunes-alpinistes\/wp-json\/wp\/v2\/posts"}],"about":[{"href":"https:\/\/www.ffcam38.com\/jeunes-alpinistes\/wp-json\/wp\/v2\/types\/post"}],"author":[{"embeddable":true,"href":"https:\/\/www.ffcam38.com\/jeunes-alpinistes\/wp-json\/wp\/v2\/users\/168"}],"replies":[{"embeddable":true,"href":"https:\/\/www.ffcam38.com\/jeunes-alpinistes\/wp-json\/wp\/v2\/comments?post=6814"}],"version-history":[{"count":4,"href":"https:\/\/www.ffcam38.com\/jeunes-alpinistes\/wp-json\/wp\/v2\/posts\/6814\/revisions"}],"predecessor-version":[{"id":6829,"href":"https:\/\/www.ffcam38.com\/jeunes-alpinistes\/wp-json\/wp\/v2\/posts\/6814\/revisions\/6829"}],"wp:featuredmedia":[{"embeddable":true,"href":"https:\/\/www.ffcam38.com\/jeunes-alpinistes\/wp-json\/wp\/v2\/media\/6820"}],"wp:attachment":[{"href":"https:\/\/www.ffcam38.com\/jeunes-alpinistes\/wp-json\/wp\/v2\/media?parent=6814"}],"wp:term":[{"taxonomy":"category","embeddable":true,"href":"https:\/\/www.ffcam38.com\/jeunes-alpinistes\/wp-json\/wp\/v2\/categories?post=6814"},{"taxonomy":"post_tag","embeddable":true,"href":"https:\/\/www.ffcam38.com\/jeunes-alpinistes\/wp-json\/wp\/v2\/tags?post=6814"}],"curies":[{"name":"wp","href":"https:\/\/api.w.org\/{rel}","templated":true}]}}