{"id":6888,"date":"2026-03-17T13:03:12","date_gmt":"2026-03-17T12:03:12","guid":{"rendered":"https:\/\/www.ffcam38.com\/jeunes-alpinistes\/?p=6888"},"modified":"2026-03-19T11:24:19","modified_gmt":"2026-03-19T10:24:19","slug":"week-end-chamoniard","status":"publish","type":"post","link":"https:\/\/www.ffcam38.com\/jeunes-alpinistes\/2026\/03\/17\/week-end-chamoniard\/","title":{"rendered":"Week-end Chamoniard &#8211; 03\/2026"},"content":{"rendered":"\n<p>Ce week-end, nous d\u00e9cidons, contre toute attente, de partir dans le massif du Mont-Blanc, nous voil\u00e0 ravis, \u00e7a nous fait du changement.<\/p>\n\n\n\n<figure class=\"wp-block-image size-large\"><img loading=\"lazy\" decoding=\"async\" width=\"768\" height=\"1024\" src=\"https:\/\/www.ffcam38.com\/jeunes-alpinistes\/wp-content\/uploads\/2026\/03\/IMG-20260308-WA0057-768x1024.jpg\" alt=\"\" class=\"wp-image-6887\" srcset=\"https:\/\/www.ffcam38.com\/jeunes-alpinistes\/wp-content\/uploads\/2026\/03\/IMG-20260308-WA0057-768x1024.jpg 768w, https:\/\/www.ffcam38.com\/jeunes-alpinistes\/wp-content\/uploads\/2026\/03\/IMG-20260308-WA0057-225x300.jpg 225w, https:\/\/www.ffcam38.com\/jeunes-alpinistes\/wp-content\/uploads\/2026\/03\/IMG-20260308-WA0057-1152x1536.jpg 1152w, https:\/\/www.ffcam38.com\/jeunes-alpinistes\/wp-content\/uploads\/2026\/03\/IMG-20260308-WA0057-203x270.jpg 203w, https:\/\/www.ffcam38.com\/jeunes-alpinistes\/wp-content\/uploads\/2026\/03\/IMG-20260308-WA0057.jpg 1200w\" sizes=\"auto, (max-width: 768px) 100vw, 768px\" \/><\/figure>\n\n\n\n<p>Bon, cependant ici la course commence bien avant de mettre les skis au pied. Il faut bien r\u00e9server le refuge pour \u00eatre s\u00fbr d&rsquo;avoir de la place. En parlant de place, il s&rsquo;agirait d&rsquo;en trouver une pour la voiture (gratuite si possible), et pour finir se faire une place sur le quai du petit train du Montenvers.<\/p>\n\n\n\n<div class=\"wp-block-group is-layout-grid wp-container-core-group-is-layout-9649a0d9 wp-block-group-is-layout-grid\">\n<figure class=\"wp-block-gallery has-nested-images columns-default is-cropped wp-block-gallery-1 is-layout-flex wp-block-gallery-is-layout-flex\"><\/figure>\n<\/div>\n\n\n\n<p>Une fois tout cela fait, les skis au pied sur le glacier, \u00e7a on conna\u00eet un peu mieux! Nous voil\u00e0 partis pour une marche tranquille sur la Mer deGlace, puis les \u00e9chelles et le fameux refuge de Leschaux.<\/p>\n\n\n\n<p>Le refuge \u00e9tait bien plein, nous avons dormi \u00e0 16 pour 12 places.<\/p>\n\n\n\n<p>Le lendemain, r\u00e9veil \u00e0 3h. Au moment de chausser ses crampons, Thomas se rend compte qu&rsquo;il manque une barrette de fixation de crampons. Le doute plane un instant, puis 5 min de bricolage avec de la cordelette, il est parti pour grimper (en second !) avec ses crampons bricol\u00e9s.<\/p>\n\n\n\n<p>L&rsquo;approche se passe sans encombre, pour ma part encore un peu somnolant.<\/p>\n\n\n\n<p>Arriv\u00e9e au pied de la Goulotte, on la voit bien, elle est belle, rectiligne, homog\u00e8ne, \u00e7a donne envie, \u00e0 ce moment je tr\u00e9pigne d&rsquo;impatience.<\/p>\n\n\n\n<p>J&rsquo;ai la chance de pouvoir aller t\u00e2ter cette neige incroyable qui sait faire chanter les piolets un doux bruit de grincement de porte tr\u00e8s agr\u00e9able \u00e0 l&rsquo;oreille et \u00e0 la sensation, un plaisir.<\/p>\n\n\n\n<p>Quelques longueurs toutes superbes qui prot\u00e8gent bien avec des relais de temps en temps et nous voil\u00e0 \u00e0 la br\u00e8che, le soleil, la vue, le pique-nique et une petite odeur de pizza vient nous chatouiller les narines.<\/p>\n\n\n\n<p>Pas le temps pour la pizza, il nous reste des rappels \u00e0 tirer, un glacier \u00e0 skier, un guide \u00e0 sortir du talus, un pneu \u00e0 changer, et nous voil\u00e0 \u00e0 Chavant.<\/p>\n","protected":false},"excerpt":{"rendered":"<p>Ce week-end, nous d\u00e9cidons, contre toute attente, de partir dans le massif du Mont-Blanc, nous voil\u00e0 ravis, \u00e7a nous fait du changement. Bon, cependant ici la course commence bien avant de mettre les skis au pied. Il faut bien r\u00e9server le refuge pour \u00eatre s\u00fbr d&rsquo;avoir de la place. En parlant de place, il s&rsquo;agirait d&rsquo;en trouver une pour la voiture (gratuite si possible), et pour finir se faire une place sur le quai du petit train du Montenvers. Une&#8230;<\/p>\n<p class=\"read-more\"><a class=\"btn btn-default\" href=\"https:\/\/www.ffcam38.com\/jeunes-alpinistes\/2026\/03\/17\/week-end-chamoniard\/\">Lire la suite<span class=\"screen-reader-text\"> Lire la suite<\/span><\/a><\/p>\n","protected":false},"author":162,"featured_media":0,"comment_status":"open","ping_status":"open","sticky":false,"template":"","format":"standard","meta":{"footnotes":""},"categories":[],"tags":[],"class_list":["post-6888","post","type-post","status-publish","format-standard","hentry"],"_links":{"self":[{"href":"https:\/\/www.ffcam38.com\/jeunes-alpinistes\/wp-json\/wp\/v2\/posts\/6888","targetHints":{"allow":["GET"]}}],"collection":[{"href":"https:\/\/www.ffcam38.com\/jeunes-alpinistes\/wp-json\/wp\/v2\/posts"}],"about":[{"href":"https:\/\/www.ffcam38.com\/jeunes-alpinistes\/wp-json\/wp\/v2\/types\/post"}],"author":[{"embeddable":true,"href":"https:\/\/www.ffcam38.com\/jeunes-alpinistes\/wp-json\/wp\/v2\/users\/162"}],"replies":[{"embeddable":true,"href":"https:\/\/www.ffcam38.com\/jeunes-alpinistes\/wp-json\/wp\/v2\/comments?post=6888"}],"version-history":[{"count":8,"href":"https:\/\/www.ffcam38.com\/jeunes-alpinistes\/wp-json\/wp\/v2\/posts\/6888\/revisions"}],"predecessor-version":[{"id":6901,"href":"https:\/\/www.ffcam38.com\/jeunes-alpinistes\/wp-json\/wp\/v2\/posts\/6888\/revisions\/6901"}],"wp:attachment":[{"href":"https:\/\/www.ffcam38.com\/jeunes-alpinistes\/wp-json\/wp\/v2\/media?parent=6888"}],"wp:term":[{"taxonomy":"category","embeddable":true,"href":"https:\/\/www.ffcam38.com\/jeunes-alpinistes\/wp-json\/wp\/v2\/categories?post=6888"},{"taxonomy":"post_tag","embeddable":true,"href":"https:\/\/www.ffcam38.com\/jeunes-alpinistes\/wp-json\/wp\/v2\/tags?post=6888"}],"curies":[{"name":"wp","href":"https:\/\/api.w.org\/{rel}","templated":true}]}}