{"id":6995,"date":"2026-05-01T00:19:33","date_gmt":"2026-04-30T22:19:33","guid":{"rendered":"https:\/\/www.ffcam38.com\/jeunes-alpinistes\/?p=6995"},"modified":"2026-05-01T00:19:33","modified_gmt":"2026-04-30T22:19:33","slug":"un-week-end-velo-grimpe-sous-le-soleil-vertacomicorien","status":"publish","type":"post","link":"https:\/\/www.ffcam38.com\/jeunes-alpinistes\/2026\/05\/01\/un-week-end-velo-grimpe-sous-le-soleil-vertacomicorien\/","title":{"rendered":"Un week-end v\u00e9lo-grimpe sous le soleil vertacomicorien"},"content":{"rendered":"\n<p>J1 &#8211;<\/p>\n\n\n\n<p>Ca commence dans un bus Transisere, parce que le matin c&rsquo;est quand m\u00eame trop t\u00f4t pour aller faire du v\u00e9lo. Heureusement, un chargement express, un petit coup de bus magique, et hop nous voila \u00e0 Lans-en-Vercors. De la, quelques coups de p\u00e9dales nous am\u00e8nent au Bec du Cornillon. Qui a dit que la mobilit\u00e9 douce c&rsquo;etait fatiguant ?<\/p>\n\n\n\n<div class=\"wp-block-columns is-layout-flex wp-container-core-columns-is-layout-9d6595d7 wp-block-columns-is-layout-flex\">\n<div class=\"wp-block-column is-layout-flow wp-block-column-is-layout-flow\" style=\"flex-basis:33.34%\">\n<figure class=\"wp-block-image size-large\"><img loading=\"lazy\" decoding=\"async\" width=\"768\" height=\"1024\" src=\"https:\/\/www.ffcam38.com\/jeunes-alpinistes\/wp-content\/uploads\/2026\/05\/20260404_073030-768x1024.jpg\" alt=\"\" class=\"wp-image-6996\" srcset=\"https:\/\/www.ffcam38.com\/jeunes-alpinistes\/wp-content\/uploads\/2026\/05\/20260404_073030-768x1024.jpg 768w, https:\/\/www.ffcam38.com\/jeunes-alpinistes\/wp-content\/uploads\/2026\/05\/20260404_073030-225x300.jpg 225w, https:\/\/www.ffcam38.com\/jeunes-alpinistes\/wp-content\/uploads\/2026\/05\/20260404_073030-1152x1536.jpg 1152w, https:\/\/www.ffcam38.com\/jeunes-alpinistes\/wp-content\/uploads\/2026\/05\/20260404_073030-1536x2048.jpg 1536w, https:\/\/www.ffcam38.com\/jeunes-alpinistes\/wp-content\/uploads\/2026\/05\/20260404_073030-203x270.jpg 203w, https:\/\/www.ffcam38.com\/jeunes-alpinistes\/wp-content\/uploads\/2026\/05\/20260404_073030-scaled.jpg 1920w\" sizes=\"auto, (max-width: 768px) 100vw, 768px\" \/><\/figure>\n<\/div>\n\n\n\n<div class=\"wp-block-column is-layout-flow wp-block-column-is-layout-flow\" style=\"flex-basis:33.34%\">\n<figure class=\"wp-block-image size-large\"><img loading=\"lazy\" decoding=\"async\" width=\"768\" height=\"1024\" src=\"https:\/\/www.ffcam38.com\/jeunes-alpinistes\/wp-content\/uploads\/2026\/05\/20260405_154158-768x1024.jpg\" alt=\"\" class=\"wp-image-6997\" srcset=\"https:\/\/www.ffcam38.com\/jeunes-alpinistes\/wp-content\/uploads\/2026\/05\/20260405_154158-768x1024.jpg 768w, https:\/\/www.ffcam38.com\/jeunes-alpinistes\/wp-content\/uploads\/2026\/05\/20260405_154158-225x300.jpg 225w, https:\/\/www.ffcam38.com\/jeunes-alpinistes\/wp-content\/uploads\/2026\/05\/20260405_154158-1152x1536.jpg 1152w, https:\/\/www.ffcam38.com\/jeunes-alpinistes\/wp-content\/uploads\/2026\/05\/20260405_154158-1536x2048.jpg 1536w, https:\/\/www.ffcam38.com\/jeunes-alpinistes\/wp-content\/uploads\/2026\/05\/20260405_154158-203x270.jpg 203w, https:\/\/www.ffcam38.com\/jeunes-alpinistes\/wp-content\/uploads\/2026\/05\/20260405_154158-scaled.jpg 1920w\" sizes=\"auto, (max-width: 768px) 100vw, 768px\" \/><\/figure>\n<\/div>\n\n\n\n<div class=\"wp-block-column is-layout-flow wp-block-column-is-layout-flow\" style=\"flex-basis:33.33%\">\n<figure class=\"wp-block-image size-large\"><img loading=\"lazy\" decoding=\"async\" width=\"768\" height=\"1024\" src=\"https:\/\/www.ffcam38.com\/jeunes-alpinistes\/wp-content\/uploads\/2026\/05\/20260404_090725-768x1024.jpg\" alt=\"\" class=\"wp-image-6998\" srcset=\"https:\/\/www.ffcam38.com\/jeunes-alpinistes\/wp-content\/uploads\/2026\/05\/20260404_090725-768x1024.jpg 768w, https:\/\/www.ffcam38.com\/jeunes-alpinistes\/wp-content\/uploads\/2026\/05\/20260404_090725-225x300.jpg 225w, https:\/\/www.ffcam38.com\/jeunes-alpinistes\/wp-content\/uploads\/2026\/05\/20260404_090725-1152x1536.jpg 1152w, https:\/\/www.ffcam38.com\/jeunes-alpinistes\/wp-content\/uploads\/2026\/05\/20260404_090725-1536x2048.jpg 1536w, https:\/\/www.ffcam38.com\/jeunes-alpinistes\/wp-content\/uploads\/2026\/05\/20260404_090725-203x270.jpg 203w, https:\/\/www.ffcam38.com\/jeunes-alpinistes\/wp-content\/uploads\/2026\/05\/20260404_090725-scaled.jpg 1920w\" sizes=\"auto, (max-width: 768px) 100vw, 768px\" \/><\/figure>\n<\/div>\n<\/div>\n\n\n\n<p>S&rsquo;ensuit une bonne petite s\u00e9ance de couenne au soleil (d&rsquo;aucuns diraient dans le four ou le salon de bronzage), avant de repartir pour faire route vers Presles et ses mythiques falaises. On avale les plateaux du Vercors \u00e0 toute berzingue, et \u00e0 peine le temps d&rsquo;acheter quelques kilos de Bleu qu&rsquo;on est d\u00e9j\u00e0 dans les gorges de la Bourne, \u00e0 se laisser glisser sans effort.<\/p>\n\n\n\n<figure class=\"wp-block-image size-large is-resized\"><img loading=\"lazy\" decoding=\"async\" width=\"768\" height=\"1024\" src=\"https:\/\/www.ffcam38.com\/jeunes-alpinistes\/wp-content\/uploads\/2026\/05\/20260405_200826-768x1024.jpg\" alt=\"\" class=\"wp-image-6999\" style=\"width:280px;height:auto\" srcset=\"https:\/\/www.ffcam38.com\/jeunes-alpinistes\/wp-content\/uploads\/2026\/05\/20260405_200826-768x1024.jpg 768w, https:\/\/www.ffcam38.com\/jeunes-alpinistes\/wp-content\/uploads\/2026\/05\/20260405_200826-225x300.jpg 225w, https:\/\/www.ffcam38.com\/jeunes-alpinistes\/wp-content\/uploads\/2026\/05\/20260405_200826-1152x1536.jpg 1152w, https:\/\/www.ffcam38.com\/jeunes-alpinistes\/wp-content\/uploads\/2026\/05\/20260405_200826-1536x2048.jpg 1536w, https:\/\/www.ffcam38.com\/jeunes-alpinistes\/wp-content\/uploads\/2026\/05\/20260405_200826-203x270.jpg 203w, https:\/\/www.ffcam38.com\/jeunes-alpinistes\/wp-content\/uploads\/2026\/05\/20260405_200826-scaled.jpg 1920w\" sizes=\"auto, (max-width: 768px) 100vw, 768px\" \/><\/figure>\n\n\n\n<p>Ensuite, c&rsquo;est tr\u00e8s classique, camping, topotage et bavardages avant une nuit bien m\u00e9rit\u00e9e.<\/p>\n\n\n\n<p>J2 &#8211;<\/p>\n\n\n\n<p>Aujourd&rsquo;hui c&rsquo;est rattrapage fondamentaux avec Bapt la mule ! On blinde son v\u00e9lo de friends, coinceurs et autres joujoux, puis on monte au secteur de Dalarum.<\/p>\n\n\n\n<figure class=\"wp-block-image size-large is-resized\"><img loading=\"lazy\" decoding=\"async\" width=\"1024\" height=\"461\" src=\"https:\/\/www.ffcam38.com\/jeunes-alpinistes\/wp-content\/uploads\/2026\/05\/IMG_20260404_094454-1024x461.jpg\" alt=\"\" class=\"wp-image-7000\" style=\"aspect-ratio:2.2212428980052477;width:609px;height:auto\" srcset=\"https:\/\/www.ffcam38.com\/jeunes-alpinistes\/wp-content\/uploads\/2026\/05\/IMG_20260404_094454-1024x461.jpg 1024w, https:\/\/www.ffcam38.com\/jeunes-alpinistes\/wp-content\/uploads\/2026\/05\/IMG_20260404_094454-300x135.jpg 300w, https:\/\/www.ffcam38.com\/jeunes-alpinistes\/wp-content\/uploads\/2026\/05\/IMG_20260404_094454-768x346.jpg 768w, https:\/\/www.ffcam38.com\/jeunes-alpinistes\/wp-content\/uploads\/2026\/05\/IMG_20260404_094454-1536x691.jpg 1536w, https:\/\/www.ffcam38.com\/jeunes-alpinistes\/wp-content\/uploads\/2026\/05\/IMG_20260404_094454-2048x922.jpg 2048w, https:\/\/www.ffcam38.com\/jeunes-alpinistes\/wp-content\/uploads\/2026\/05\/IMG_20260404_094454-600x270.jpg 600w\" sizes=\"auto, (max-width: 1024px) 100vw, 1024px\" \/><\/figure>\n\n\n\n<p><br>\u00c9l\u00e9onore d\u00e9cide d&rsquo;affoler les compteurs et de se faire des ptits allers retours dans la mont\u00e9e, histoire de profiter du d\u00e9nivel\u00e9 j&rsquo;imagine, pendant qu&rsquo;on s&rsquo;attend tous.tes au soleil. Les v\u00e9los sont d\u00e9pos\u00e9s au g\u00eete d&rsquo;entre Ciel et Pierre, et apr\u00e8s une marche d&rsquo;approche bucolique on arrive au four, euh pardon, au site. La c&rsquo;est atelier confection de relais, premi\u00e8res voies en trad et gestion de l&rsquo;encordement histoire d&rsquo;\u00eatre au top pour le camp Verdon !<br>Un retour pleine balle dans la descente nous permet de savourer une bi\u00e8re et des frites en terrasse ou on retrouve tout le monde pour discuter de cette journ\u00e9e.<\/p>\n\n\n\n<p>J3 &#8211;<\/p>\n\n\n\n<p>Pour cette derni\u00e8re journ\u00e9e, on vise la mise en application des savoirs tout frais de la veille, dans la Classique du Gendarme. On commence \u00e0 prendre le pli, chargement des v\u00e9los, p\u00e9dalage, d\u00e9chargement des v\u00e9los, marche d&rsquo;approche puis grimpe. La voie est tr\u00e8s jolie, on se fait plaisir dans la pose des protections et dans la grimpe. L&rsquo;arriv\u00e9e au sommet du gendarme a un petit c\u00f4t\u00e9 exploration, et nous permet d&rsquo;entamer les rappels facilement. Quelques petits coincements de corde et autres \u00e9garements plus tard, on est de retour sur la terre ferme, pr\u00eat.e.s \u00e0 reprendre la route.<\/p>\n\n\n\n<div class=\"wp-block-group\"><div class=\"wp-block-group__inner-container is-layout-constrained wp-block-group-is-layout-constrained\">\n<div class=\"wp-block-columns is-layout-flex wp-container-core-columns-is-layout-9d6595d7 wp-block-columns-is-layout-flex\">\n<div class=\"wp-block-column is-layout-flow wp-block-column-is-layout-flow\" style=\"flex-basis:100%\">\n<div class=\"wp-block-columns is-layout-flex wp-container-core-columns-is-layout-9d6595d7 wp-block-columns-is-layout-flex\">\n<div class=\"wp-block-column is-layout-flow wp-block-column-is-layout-flow\" style=\"flex-basis:100%\">\n<div class=\"wp-block-columns is-layout-flex wp-container-core-columns-is-layout-9d6595d7 wp-block-columns-is-layout-flex\">\n<div class=\"wp-block-column is-layout-flow wp-block-column-is-layout-flow\" style=\"flex-basis:33.34%\">\n<figure class=\"wp-block-image size-large is-resized\"><img loading=\"lazy\" decoding=\"async\" width=\"768\" height=\"1024\" src=\"https:\/\/www.ffcam38.com\/jeunes-alpinistes\/wp-content\/uploads\/2026\/05\/20260405_182856-768x1024.jpg\" alt=\"\" class=\"wp-image-7003\" style=\"aspect-ratio:0.7529296875;width:387px;height:auto\" srcset=\"https:\/\/www.ffcam38.com\/jeunes-alpinistes\/wp-content\/uploads\/2026\/05\/20260405_182856-768x1024.jpg 768w, https:\/\/www.ffcam38.com\/jeunes-alpinistes\/wp-content\/uploads\/2026\/05\/20260405_182856-225x300.jpg 225w, https:\/\/www.ffcam38.com\/jeunes-alpinistes\/wp-content\/uploads\/2026\/05\/20260405_182856-1152x1536.jpg 1152w, https:\/\/www.ffcam38.com\/jeunes-alpinistes\/wp-content\/uploads\/2026\/05\/20260405_182856-1536x2048.jpg 1536w, https:\/\/www.ffcam38.com\/jeunes-alpinistes\/wp-content\/uploads\/2026\/05\/20260405_182856-203x270.jpg 203w, https:\/\/www.ffcam38.com\/jeunes-alpinistes\/wp-content\/uploads\/2026\/05\/20260405_182856-scaled.jpg 1920w\" sizes=\"auto, (max-width: 768px) 100vw, 768px\" \/><\/figure>\n<\/div>\n\n\n\n<div class=\"wp-block-column is-layout-flow wp-block-column-is-layout-flow\" style=\"flex-basis:33.34%\">\n<figure class=\"wp-block-image size-large\"><img loading=\"lazy\" decoding=\"async\" width=\"771\" height=\"1024\" src=\"https:\/\/www.ffcam38.com\/jeunes-alpinistes\/wp-content\/uploads\/2026\/05\/PXL_20260405_111424483-1-771x1024.jpg\" alt=\"\" class=\"wp-image-7004\" srcset=\"https:\/\/www.ffcam38.com\/jeunes-alpinistes\/wp-content\/uploads\/2026\/05\/PXL_20260405_111424483-1-771x1024.jpg 771w, https:\/\/www.ffcam38.com\/jeunes-alpinistes\/wp-content\/uploads\/2026\/05\/PXL_20260405_111424483-1-226x300.jpg 226w, https:\/\/www.ffcam38.com\/jeunes-alpinistes\/wp-content\/uploads\/2026\/05\/PXL_20260405_111424483-1-768x1020.jpg 768w, https:\/\/www.ffcam38.com\/jeunes-alpinistes\/wp-content\/uploads\/2026\/05\/PXL_20260405_111424483-1-1157x1536.jpg 1157w, https:\/\/www.ffcam38.com\/jeunes-alpinistes\/wp-content\/uploads\/2026\/05\/PXL_20260405_111424483-1-1542x2048.jpg 1542w, https:\/\/www.ffcam38.com\/jeunes-alpinistes\/wp-content\/uploads\/2026\/05\/PXL_20260405_111424483-1-203x270.jpg 203w, https:\/\/www.ffcam38.com\/jeunes-alpinistes\/wp-content\/uploads\/2026\/05\/PXL_20260405_111424483-1-scaled.jpg 1928w\" sizes=\"auto, (max-width: 771px) 100vw, 771px\" \/><\/figure>\n<\/div>\n\n\n\n<div class=\"wp-block-column is-layout-flow wp-block-column-is-layout-flow\" style=\"flex-basis:33.33%\">\n<figure class=\"wp-block-image size-large\"><img loading=\"lazy\" decoding=\"async\" width=\"767\" height=\"1024\" src=\"https:\/\/www.ffcam38.com\/jeunes-alpinistes\/wp-content\/uploads\/2026\/05\/20260406_155011-2-767x1024.jpg\" alt=\"\" class=\"wp-image-7007\" srcset=\"https:\/\/www.ffcam38.com\/jeunes-alpinistes\/wp-content\/uploads\/2026\/05\/20260406_155011-2-767x1024.jpg 767w, https:\/\/www.ffcam38.com\/jeunes-alpinistes\/wp-content\/uploads\/2026\/05\/20260406_155011-2-225x300.jpg 225w, https:\/\/www.ffcam38.com\/jeunes-alpinistes\/wp-content\/uploads\/2026\/05\/20260406_155011-2-768x1025.jpg 768w, https:\/\/www.ffcam38.com\/jeunes-alpinistes\/wp-content\/uploads\/2026\/05\/20260406_155011-2-1151x1536.jpg 1151w, https:\/\/www.ffcam38.com\/jeunes-alpinistes\/wp-content\/uploads\/2026\/05\/20260406_155011-2-1534x2048.jpg 1534w, https:\/\/www.ffcam38.com\/jeunes-alpinistes\/wp-content\/uploads\/2026\/05\/20260406_155011-2-202x270.jpg 202w, https:\/\/www.ffcam38.com\/jeunes-alpinistes\/wp-content\/uploads\/2026\/05\/20260406_155011-2-scaled.jpg 1918w\" sizes=\"auto, (max-width: 767px) 100vw, 767px\" \/><\/figure>\n<\/div>\n<\/div>\n<\/div>\n<\/div>\n<\/div>\n<\/div>\n<\/div><\/div>\n\n\n\n<p>Malheureusement, notre intr\u00e9pide VTTiste r\u00e9ussit \u00e0 flinguer son d\u00e9railleur, on perd des sacoches, je ne retrouve pas mes cl\u00e9s, bref c&rsquo;est la d\u00e9bandade. Tout s&rsquo;arrange quand m\u00eame, et on est vite de retour au camping pour tout plier pendant que Romain fait sa m\u00e9canique v\u00e9lo. Maps et la SNCF ayant d\u00e9cid\u00e9 de ne pas \u00eatre d&rsquo;accord avec nos envies de l\u00e9zarder au soleil, on trace pour attraper le train \u00e0 Saint-Marcellin, qu&rsquo;on aura d&rsquo;ailleurs \u00e0 30 secondes pr\u00e8s ! On entasse tout notre bazar dans un wagon, puis c&rsquo;est le retour \u00e0 Grenoble des \u00e9toiles pleins les yeux.<\/p>\n\n\n\n<p>En r\u00e9sum\u00e9, la mobilit\u00e9 douce ca marche quand m\u00eame vraiment bien, et ca rend les sorties encore plus belle.<\/p>\n\n\n\n<p>Une seule solution, la v\u00e9lorution !<\/p>\n","protected":false},"excerpt":{"rendered":"<p>J1 &#8211; Ca commence dans un bus Transisere, parce que le matin c&rsquo;est quand m\u00eame trop t\u00f4t pour aller faire du v\u00e9lo. Heureusement, un chargement express, un petit coup de bus magique, et hop nous voila \u00e0 Lans-en-Vercors. De la, quelques coups de p\u00e9dales nous am\u00e8nent au Bec du Cornillon. Qui a dit que la mobilit\u00e9 douce c&rsquo;etait fatiguant ? S&rsquo;ensuit une bonne petite s\u00e9ance de couenne au soleil (d&rsquo;aucuns diraient dans le four ou le salon de bronzage), avant&#8230;<\/p>\n<p class=\"read-more\"><a class=\"btn btn-default\" href=\"https:\/\/www.ffcam38.com\/jeunes-alpinistes\/2026\/05\/01\/un-week-end-velo-grimpe-sous-le-soleil-vertacomicorien\/\">Lire la suite<span class=\"screen-reader-text\"> Lire la suite<\/span><\/a><\/p>\n","protected":false},"author":163,"featured_media":0,"comment_status":"open","ping_status":"open","sticky":false,"template":"","format":"standard","meta":{"footnotes":""},"categories":[],"tags":[],"class_list":["post-6995","post","type-post","status-publish","format-standard","hentry"],"_links":{"self":[{"href":"https:\/\/www.ffcam38.com\/jeunes-alpinistes\/wp-json\/wp\/v2\/posts\/6995","targetHints":{"allow":["GET"]}}],"collection":[{"href":"https:\/\/www.ffcam38.com\/jeunes-alpinistes\/wp-json\/wp\/v2\/posts"}],"about":[{"href":"https:\/\/www.ffcam38.com\/jeunes-alpinistes\/wp-json\/wp\/v2\/types\/post"}],"author":[{"embeddable":true,"href":"https:\/\/www.ffcam38.com\/jeunes-alpinistes\/wp-json\/wp\/v2\/users\/163"}],"replies":[{"embeddable":true,"href":"https:\/\/www.ffcam38.com\/jeunes-alpinistes\/wp-json\/wp\/v2\/comments?post=6995"}],"version-history":[{"count":2,"href":"https:\/\/www.ffcam38.com\/jeunes-alpinistes\/wp-json\/wp\/v2\/posts\/6995\/revisions"}],"predecessor-version":[{"id":7008,"href":"https:\/\/www.ffcam38.com\/jeunes-alpinistes\/wp-json\/wp\/v2\/posts\/6995\/revisions\/7008"}],"wp:attachment":[{"href":"https:\/\/www.ffcam38.com\/jeunes-alpinistes\/wp-json\/wp\/v2\/media?parent=6995"}],"wp:term":[{"taxonomy":"category","embeddable":true,"href":"https:\/\/www.ffcam38.com\/jeunes-alpinistes\/wp-json\/wp\/v2\/categories?post=6995"},{"taxonomy":"post_tag","embeddable":true,"href":"https:\/\/www.ffcam38.com\/jeunes-alpinistes\/wp-json\/wp\/v2\/tags?post=6995"}],"curies":[{"name":"wp","href":"https:\/\/api.w.org\/{rel}","templated":true}]}}